{"id":11030,"date":"2025-06-02T10:00:00","date_gmt":"2025-06-02T08:00:00","guid":{"rendered":"https:\/\/prototal.info\/2025\/06\/02\/prototal-styrker-den-kommersielle-kjernen-med-viktige-utnevnelser\/"},"modified":"2026-03-11T21:39:29","modified_gmt":"2026-03-11T20:39:29","slug":"prototal-styrker-den-kommersielle-kjernen-med-viktige-utnevnelser","status":"publish","type":"post","link":"https:\/\/prototal.info\/no\/2025\/06\/02\/prototal-styrker-den-kommersielle-kjernen-med-viktige-utnevnelser\/","title":{"rendered":"Prototal styrker den kommersielle kjernen med viktige utnevnelser"},"content":{"rendered":"\n<p><strong>Prototal Industries utvider sitt kommersielle team &#8211; styrker tilstedev\u00e6relsen i romfarts- og forsvarsindustrien og \u00f8ker fokuset p\u00e5 serieproduksjon innen industriell 3D-printing<\/strong><\/p>\n\n<p>Prototal fortsetter sin vekststrategi ved \u00e5 utvide sitt globale salgsteam. Med \u00f8kte investeringer i forretningsutvikling tar selskapet neste steg i sin vekstreise &#8211; med et spesielt fokus p\u00e5 serieproduksjon innen additiv produksjon. <\/p>\n\n<p>I tillegg til de eksisterende lokale salgsteamene i hvert land der Prototal har virksomhet, suppleres organisasjonen n\u00e5 med en global struktur som arbeider p\u00e5 tvers av landegrensene og fokuserer p\u00e5 spesifikke segmenter &#8211; i f\u00f8rste omgang med fokus p\u00e5 luftfarts- og forsvarsindustrien.<\/p>\n\n<p>Som en del av denne satsingen er vi glade for \u00e5 kunne \u00f8nske to nye n\u00f8kkelmedlemmer velkommen til teamet v\u00e5rt:<\/p>\n\n<p><strong><a href=\"https:\/\/www.linkedin.com\/in\/karin-holst\/\">Karin Holst<\/a><\/strong> overtar rollen som <strong>Global Sales Director &#8211; Aerospace &amp; Defence.<\/strong> Med omfattende erfaring fra selskaper som EOS og et sterkt nettverk innen additiv produksjon, vil Karin lede v\u00e5r strategiske utvikling innen romfarts- og forsvarssektoren p\u00e5 globalt niv\u00e5. <\/p>\n\n<p><strong><a href=\"https:\/\/www.linkedin.com\/in\/jimmymuller\/\">Jimmy M\u00fcller<\/a><\/strong> tiltrer som <strong>Senior Business Developer<\/strong>, med ansvar for \u00e5 identifisere og drive frem nye forretningsmuligheter for serieproduksjon i samarbeid med kundene v\u00e5re. Jimmy er godt kjent i additiv produksjonsverden fra sine tidligere roller hos Canon og PLM, og han har en sterk bakgrunn i \u00e5 utvikle vellykkede kunderelasjoner og forretningsmodeller. <\/p>\n\n<blockquote class=\"wp-block-quote is-layout-flow wp-block-quote-is-layout-flow\">\n<p><strong>Vi er glade for \u00e5 \u00f8nske Karin og Jimmy velkommen til Prototal. Deres erfaring og engasjement styrker v\u00e5rt tilbud og v\u00e5r evne til \u00e5 m\u00f8te de \u00f8kende kravene til serieproduksjon innen additiv produksjon &#8211; spesielt i en bransje der kvalitet, sporbarhet og innovasjon er avgj\u00f8rende, sier Ronnie Petersson, Chief Commercial Officer, Prototal Group. <\/strong><\/p>\n<\/blockquote>\n\n<p><strong>Kontaktinformasjon:<\/strong><\/p>\n\n<p><strong>Jimmy M\u00fcller<\/strong><br\/>Senior forretningsutvikler<br\/><a>jimmy.muller@prototalgroup.com<\/a><\/p>\n\n<p><strong>Karin Holst<\/strong><br\/>Global salgsdirekt\u00f8r &#8211; romfart og forsvar<br\/><a>karin.holst@prototalgroup.com<\/a><\/p>\n\n<p><\/p>\n","protected":false},"excerpt":{"rendered":"<p>Prototal Industries utvider sitt kommersielle team &#8211; styrker tilstedev\u00e6relsen i romfarts- og forsvarsindustrien og \u00f8ker fokuset p\u00e5 serieproduksjon innen industriell 3D-printing Prototal fortsetter sin vekststrategi ved \u00e5 utvide sitt globale salgsteam. Med \u00f8kte investeringer i forretningsutvikling tar selskapet neste steg i sin vekstreise &#8211; med et spesielt fokus p\u00e5 serieproduksjon innen additiv produksjon. I tillegg [&hellip;]<\/p>\n","protected":false},"author":5,"featured_media":7867,"comment_status":"closed","ping_status":"open","sticky":false,"template":"","format":"standard","meta":{"_acf_changed":false,"inline_featured_image":false,"footnotes":""},"categories":[166],"tags":[],"class_list":["post-11030","post","type-post","status-publish","format-standard","has-post-thumbnail","hentry","category-kommersiell"],"acf":[],"yoast_head":"<!-- This site is optimized with the Yoast SEO plugin v27.2 - https:\/\/yoast.com\/product\/yoast-seo-wordpress\/ -->\n<title>Prototal styrker den kommersielle kjernen med viktige utnevnelser | Prototal<\/title>\n<meta name=\"robots\" content=\"index, follow, max-snippet:-1, max-image-preview:large, max-video-preview:-1\" \/>\n<link rel=\"canonical\" href=\"https:\/\/prototal.info\/no\/2025\/06\/02\/prototal-styrker-den-kommersielle-kjernen-med-viktige-utnevnelser\/\" \/>\n<meta property=\"og:locale\" content=\"nb_NO\" \/>\n<meta property=\"og:type\" content=\"article\" \/>\n<meta property=\"og:title\" content=\"Prototal styrker den kommersielle kjernen med viktige utnevnelser | Prototal\" \/>\n<meta property=\"og:description\" content=\"Prototal Industries utvider sitt kommersielle team &#8211; styrker tilstedev\u00e6relsen i romfarts- og forsvarsindustrien og \u00f8ker fokuset p\u00e5 serieproduksjon innen industriell 3D-printing Prototal fortsetter sin vekststrategi ved \u00e5 utvide sitt globale salgsteam. Med \u00f8kte investeringer i forretningsutvikling tar selskapet neste steg i sin vekstreise &#8211; med et spesielt fokus p\u00e5 serieproduksjon innen additiv produksjon. I tillegg [&hellip;]\" \/>\n<meta property=\"og:url\" content=\"https:\/\/prototal.info\/no\/2025\/06\/02\/prototal-styrker-den-kommersielle-kjernen-med-viktige-utnevnelser\/\" \/>\n<meta property=\"og:site_name\" content=\"Prototal\" \/>\n<meta property=\"article:published_time\" content=\"2025-06-02T08:00:00+00:00\" \/>\n<meta property=\"article:modified_time\" content=\"2026-03-11T20:39:29+00:00\" \/>\n<meta name=\"author\" content=\"Phillip Kamp\" \/>\n<meta name=\"twitter:card\" content=\"summary_large_image\" \/>\n<meta name=\"twitter:label1\" content=\"Written by\" \/>\n\t<meta name=\"twitter:data1\" content=\"Phillip Kamp\" \/>\n\t<meta name=\"twitter:label2\" content=\"Est. reading time\" \/>\n\t<meta name=\"twitter:data2\" content=\"1 minute\" \/>\n<script type=\"application\/ld+json\" class=\"yoast-schema-graph\">{\n\t    \"@context\": \"https:\/\/schema.org\",\n\t    \"@graph\": [\n\t        {\n\t            \"@type\": \"Article\",\n\t            \"@id\": \"https:\/\/prototal.info\/no\/2025\/06\/02\/prototal-styrker-den-kommersielle-kjernen-med-viktige-utnevnelser\/#article\",\n\t            \"isPartOf\": {\n\t                \"@id\": \"https:\/\/prototal.info\/no\/2025\/06\/02\/prototal-styrker-den-kommersielle-kjernen-med-viktige-utnevnelser\/\"\n\t            },\n\t            \"author\": {\n\t                \"name\": \"Phillip Kamp\",\n\t                \"@id\": \"https:\/\/prototal.info\/no\/#\/schema\/person\/8905af261041a8b6c271ff02618d2a42\"\n\t            },\n\t            \"headline\": \"Prototal styrker den kommersielle kjernen med viktige utnevnelser\",\n\t            \"datePublished\": \"2025-06-02T08:00:00+00:00\",\n\t            \"dateModified\": \"2026-03-11T20:39:29+00:00\",\n\t            \"mainEntityOfPage\": {\n\t                \"@id\": \"https:\/\/prototal.info\/no\/2025\/06\/02\/prototal-styrker-den-kommersielle-kjernen-med-viktige-utnevnelser\/\"\n\t            },\n\t            \"wordCount\": 295,\n\t            \"publisher\": {\n\t                \"@id\": \"https:\/\/prototal.info\/no\/#organization\"\n\t            },\n\t            \"image\": {\n\t                \"@id\": \"https:\/\/prototal.info\/no\/2025\/06\/02\/prototal-styrker-den-kommersielle-kjernen-med-viktige-utnevnelser\/#primaryimage\"\n\t            },\n\t            \"thumbnailUrl\": \"https:\/\/prototal.info\/app\/uploads\/2026\/02\/karin-jimmy-news.avif\",\n\t            \"articleSection\": [\n\t                \"Kommersiell\"\n\t            ],\n\t            \"inLanguage\": \"nb-NO\"\n\t        },\n\t        {\n\t            \"@type\": \"WebPage\",\n\t            \"@id\": \"https:\/\/prototal.info\/no\/2025\/06\/02\/prototal-styrker-den-kommersielle-kjernen-med-viktige-utnevnelser\/\",\n\t            \"url\": \"https:\/\/prototal.info\/no\/2025\/06\/02\/prototal-styrker-den-kommersielle-kjernen-med-viktige-utnevnelser\/\",\n\t            \"name\": \"Prototal styrker den kommersielle kjernen med viktige utnevnelser | Prototal\",\n\t            \"isPartOf\": {\n\t                \"@id\": \"https:\/\/prototal.info\/no\/#website\"\n\t            },\n\t            \"primaryImageOfPage\": {\n\t                \"@id\": \"https:\/\/prototal.info\/no\/2025\/06\/02\/prototal-styrker-den-kommersielle-kjernen-med-viktige-utnevnelser\/#primaryimage\"\n\t            },\n\t            \"image\": {\n\t                \"@id\": \"https:\/\/prototal.info\/no\/2025\/06\/02\/prototal-styrker-den-kommersielle-kjernen-med-viktige-utnevnelser\/#primaryimage\"\n\t            },\n\t            \"thumbnailUrl\": \"https:\/\/prototal.info\/app\/uploads\/2026\/02\/karin-jimmy-news.avif\",\n\t            \"datePublished\": \"2025-06-02T08:00:00+00:00\",\n\t            \"dateModified\": \"2026-03-11T20:39:29+00:00\",\n\t            \"breadcrumb\": {\n\t                \"@id\": \"https:\/\/prototal.info\/no\/2025\/06\/02\/prototal-styrker-den-kommersielle-kjernen-med-viktige-utnevnelser\/#breadcrumb\"\n\t            },\n\t            \"inLanguage\": \"nb-NO\",\n\t            \"potentialAction\": [\n\t                {\n\t                    \"@type\": \"ReadAction\",\n\t                    \"target\": [\n\t                        \"https:\/\/prototal.info\/no\/2025\/06\/02\/prototal-styrker-den-kommersielle-kjernen-med-viktige-utnevnelser\/\"\n\t                    ]\n\t                }\n\t            ]\n\t        },\n\t        {\n\t            \"@type\": \"ImageObject\",\n\t            \"inLanguage\": \"nb-NO\",\n\t            \"@id\": \"https:\/\/prototal.info\/no\/2025\/06\/02\/prototal-styrker-den-kommersielle-kjernen-med-viktige-utnevnelser\/#primaryimage\",\n\t            \"url\": \"https:\/\/prototal.info\/app\/uploads\/2026\/02\/karin-jimmy-news.avif\",\n\t            \"contentUrl\": \"https:\/\/prototal.info\/app\/uploads\/2026\/02\/karin-jimmy-news.avif\",\n\t            \"width\": 1600,\n\t            \"height\": 1200\n\t        },\n\t        {\n\t            \"@type\": \"BreadcrumbList\",\n\t            \"@id\": \"https:\/\/prototal.info\/no\/2025\/06\/02\/prototal-styrker-den-kommersielle-kjernen-med-viktige-utnevnelser\/#breadcrumb\",\n\t            \"itemListElement\": [\n\t                {\n\t                    \"@type\": \"ListItem\",\n\t                    \"position\": 1,\n\t                    \"name\": \"Home\",\n\t                    \"item\": \"https:\/\/prototal.info\/no\/\"\n\t                },\n\t                {\n\t                    \"@type\": \"ListItem\",\n\t                    \"position\": 2,\n\t                    \"name\": \"Prototal styrker den kommersielle kjernen med viktige utnevnelser\"\n\t                }\n\t            ]\n\t        },\n\t        {\n\t            \"@type\": \"WebSite\",\n\t            \"@id\": \"https:\/\/prototal.info\/no\/#website\",\n\t            \"url\": \"https:\/\/prototal.info\/no\/\",\n\t            \"name\": \"Prototal\",\n\t            \"description\": \"From one to one million\",\n\t            \"publisher\": {\n\t                \"@id\": \"https:\/\/prototal.info\/no\/#organization\"\n\t            },\n\t            \"potentialAction\": [\n\t                {\n\t                    \"@type\": \"SearchAction\",\n\t                    \"target\": {\n\t                        \"@type\": \"EntryPoint\",\n\t                        \"urlTemplate\": \"https:\/\/prototal.info\/no\/?s={search_term_string}\"\n\t                    },\n\t                    \"query-input\": {\n\t                        \"@type\": \"PropertyValueSpecification\",\n\t                        \"valueRequired\": true,\n\t                        \"valueName\": \"search_term_string\"\n\t                    }\n\t                }\n\t            ],\n\t            \"inLanguage\": \"nb-NO\"\n\t        },\n\t        {\n\t            \"@type\": \"Organization\",\n\t            \"@id\": \"https:\/\/prototal.info\/no\/#organization\",\n\t            \"name\": \"Prototal\",\n\t            \"url\": \"https:\/\/prototal.info\/no\/\",\n\t            \"logo\": {\n\t                \"@type\": \"ImageObject\",\n\t                \"inLanguage\": \"nb-NO\",\n\t                \"@id\": \"https:\/\/prototal.info\/no\/#\/schema\/logo\/image\/\",\n\t                \"url\": \"https:\/\/prototal.info\/app\/uploads\/2026\/03\/yoast-seo-default-logo.avif\",\n\t                \"contentUrl\": \"https:\/\/prototal.info\/app\/uploads\/2026\/03\/yoast-seo-default-logo.avif\",\n\t                \"width\": 696,\n\t                \"height\": 696,\n\t                \"caption\": \"Prototal\"\n\t            },\n\t            \"image\": {\n\t                \"@id\": \"https:\/\/prototal.info\/no\/#\/schema\/logo\/image\/\"\n\t            }\n\t        },\n\t        {\n\t            \"@type\": \"Person\",\n\t            \"@id\": \"https:\/\/prototal.info\/no\/#\/schema\/person\/8905af261041a8b6c271ff02618d2a42\",\n\t            \"name\": \"Phillip Kamp\",\n\t            \"image\": {\n\t                \"@type\": \"ImageObject\",\n\t                \"inLanguage\": \"nb-NO\",\n\t                \"@id\": \"https:\/\/secure.gravatar.com\/avatar\/360033c1356ca7020aaa3080b437c690426978678b96d15fe35a40b3dd566bfc?s=96&d=mm&r=g\",\n\t                \"url\": \"https:\/\/secure.gravatar.com\/avatar\/360033c1356ca7020aaa3080b437c690426978678b96d15fe35a40b3dd566bfc?s=96&d=mm&r=g\",\n\t                \"contentUrl\": \"https:\/\/secure.gravatar.com\/avatar\/360033c1356ca7020aaa3080b437c690426978678b96d15fe35a40b3dd566bfc?s=96&d=mm&r=g\",\n\t                \"caption\": \"Phillip Kamp\"\n\t            }\n\t        }\n\t    ]\n\t}<\/script>\n<!-- \/ Yoast SEO plugin. -->","yoast_head_json":{"title":"Prototal styrker den kommersielle kjernen med viktige utnevnelser | Prototal","robots":{"index":"index","follow":"follow","max-snippet":"max-snippet:-1","max-image-preview":"max-image-preview:large","max-video-preview":"max-video-preview:-1"},"canonical":"https:\/\/prototal.info\/no\/2025\/06\/02\/prototal-styrker-den-kommersielle-kjernen-med-viktige-utnevnelser\/","og_locale":"nb_NO","og_type":"article","og_title":"Prototal styrker den kommersielle kjernen med viktige utnevnelser | Prototal","og_description":"Prototal Industries utvider sitt kommersielle team &#8211; styrker tilstedev\u00e6relsen i romfarts- og forsvarsindustrien og \u00f8ker fokuset p\u00e5 serieproduksjon innen industriell 3D-printing Prototal fortsetter sin vekststrategi ved \u00e5 utvide sitt globale salgsteam. Med \u00f8kte investeringer i forretningsutvikling tar selskapet neste steg i sin vekstreise &#8211; med et spesielt fokus p\u00e5 serieproduksjon innen additiv produksjon. I tillegg [&hellip;]","og_url":"https:\/\/prototal.info\/no\/2025\/06\/02\/prototal-styrker-den-kommersielle-kjernen-med-viktige-utnevnelser\/","og_site_name":"Prototal","article_published_time":"2025-06-02T08:00:00+00:00","article_modified_time":"2026-03-11T20:39:29+00:00","author":"Phillip Kamp","twitter_card":"summary_large_image","twitter_misc":{"Written by":"Phillip Kamp","Est. reading time":"1 minute"},"schema":{"@context":"https:\/\/schema.org","@graph":[{"@type":"Article","@id":"https:\/\/prototal.info\/no\/2025\/06\/02\/prototal-styrker-den-kommersielle-kjernen-med-viktige-utnevnelser\/#article","isPartOf":{"@id":"https:\/\/prototal.info\/no\/2025\/06\/02\/prototal-styrker-den-kommersielle-kjernen-med-viktige-utnevnelser\/"},"author":{"name":"Phillip Kamp","@id":"https:\/\/prototal.info\/no\/#\/schema\/person\/8905af261041a8b6c271ff02618d2a42"},"headline":"Prototal styrker den kommersielle kjernen med viktige utnevnelser","datePublished":"2025-06-02T08:00:00+00:00","dateModified":"2026-03-11T20:39:29+00:00","mainEntityOfPage":{"@id":"https:\/\/prototal.info\/no\/2025\/06\/02\/prototal-styrker-den-kommersielle-kjernen-med-viktige-utnevnelser\/"},"wordCount":295,"publisher":{"@id":"https:\/\/prototal.info\/no\/#organization"},"image":{"@id":"https:\/\/prototal.info\/no\/2025\/06\/02\/prototal-styrker-den-kommersielle-kjernen-med-viktige-utnevnelser\/#primaryimage"},"thumbnailUrl":"https:\/\/prototal.info\/app\/uploads\/2026\/02\/karin-jimmy-news.avif","articleSection":["Kommersiell"],"inLanguage":"nb-NO"},{"@type":"WebPage","@id":"https:\/\/prototal.info\/no\/2025\/06\/02\/prototal-styrker-den-kommersielle-kjernen-med-viktige-utnevnelser\/","url":"https:\/\/prototal.info\/no\/2025\/06\/02\/prototal-styrker-den-kommersielle-kjernen-med-viktige-utnevnelser\/","name":"Prototal styrker den kommersielle kjernen med viktige utnevnelser | Prototal","isPartOf":{"@id":"https:\/\/prototal.info\/no\/#website"},"primaryImageOfPage":{"@id":"https:\/\/prototal.info\/no\/2025\/06\/02\/prototal-styrker-den-kommersielle-kjernen-med-viktige-utnevnelser\/#primaryimage"},"image":{"@id":"https:\/\/prototal.info\/no\/2025\/06\/02\/prototal-styrker-den-kommersielle-kjernen-med-viktige-utnevnelser\/#primaryimage"},"thumbnailUrl":"https:\/\/prototal.info\/app\/uploads\/2026\/02\/karin-jimmy-news.avif","datePublished":"2025-06-02T08:00:00+00:00","dateModified":"2026-03-11T20:39:29+00:00","breadcrumb":{"@id":"https:\/\/prototal.info\/no\/2025\/06\/02\/prototal-styrker-den-kommersielle-kjernen-med-viktige-utnevnelser\/#breadcrumb"},"inLanguage":"nb-NO","potentialAction":[{"@type":"ReadAction","target":["https:\/\/prototal.info\/no\/2025\/06\/02\/prototal-styrker-den-kommersielle-kjernen-med-viktige-utnevnelser\/"]}]},{"@type":"ImageObject","inLanguage":"nb-NO","@id":"https:\/\/prototal.info\/no\/2025\/06\/02\/prototal-styrker-den-kommersielle-kjernen-med-viktige-utnevnelser\/#primaryimage","url":"https:\/\/prototal.info\/app\/uploads\/2026\/02\/karin-jimmy-news.avif","contentUrl":"https:\/\/prototal.info\/app\/uploads\/2026\/02\/karin-jimmy-news.avif","width":1600,"height":1200},{"@type":"BreadcrumbList","@id":"https:\/\/prototal.info\/no\/2025\/06\/02\/prototal-styrker-den-kommersielle-kjernen-med-viktige-utnevnelser\/#breadcrumb","itemListElement":[{"@type":"ListItem","position":1,"name":"Home","item":"https:\/\/prototal.info\/no\/"},{"@type":"ListItem","position":2,"name":"Prototal styrker den kommersielle kjernen med viktige utnevnelser"}]},{"@type":"WebSite","@id":"https:\/\/prototal.info\/no\/#website","url":"https:\/\/prototal.info\/no\/","name":"Prototal","description":"From one to one million","publisher":{"@id":"https:\/\/prototal.info\/no\/#organization"},"potentialAction":[{"@type":"SearchAction","target":{"@type":"EntryPoint","urlTemplate":"https:\/\/prototal.info\/no\/?s={search_term_string}"},"query-input":{"@type":"PropertyValueSpecification","valueRequired":true,"valueName":"search_term_string"}}],"inLanguage":"nb-NO"},{"@type":"Organization","@id":"https:\/\/prototal.info\/no\/#organization","name":"Prototal","url":"https:\/\/prototal.info\/no\/","logo":{"@type":"ImageObject","inLanguage":"nb-NO","@id":"https:\/\/prototal.info\/no\/#\/schema\/logo\/image\/","url":"https:\/\/prototal.info\/app\/uploads\/2026\/03\/yoast-seo-default-logo.avif","contentUrl":"https:\/\/prototal.info\/app\/uploads\/2026\/03\/yoast-seo-default-logo.avif","width":696,"height":696,"caption":"Prototal"},"image":{"@id":"https:\/\/prototal.info\/no\/#\/schema\/logo\/image\/"}},{"@type":"Person","@id":"https:\/\/prototal.info\/no\/#\/schema\/person\/8905af261041a8b6c271ff02618d2a42","name":"Phillip Kamp","image":{"@type":"ImageObject","inLanguage":"nb-NO","@id":"https:\/\/secure.gravatar.com\/avatar\/360033c1356ca7020aaa3080b437c690426978678b96d15fe35a40b3dd566bfc?s=96&d=mm&r=g","url":"https:\/\/secure.gravatar.com\/avatar\/360033c1356ca7020aaa3080b437c690426978678b96d15fe35a40b3dd566bfc?s=96&d=mm&r=g","contentUrl":"https:\/\/secure.gravatar.com\/avatar\/360033c1356ca7020aaa3080b437c690426978678b96d15fe35a40b3dd566bfc?s=96&d=mm&r=g","caption":"Phillip Kamp"}}]}},"_links":{"self":[{"href":"https:\/\/prototal.info\/no\/wp-json\/wp\/v2\/posts\/11030","targetHints":{"allow":["GET"]}}],"collection":[{"href":"https:\/\/prototal.info\/no\/wp-json\/wp\/v2\/posts"}],"about":[{"href":"https:\/\/prototal.info\/no\/wp-json\/wp\/v2\/types\/post"}],"author":[{"embeddable":true,"href":"https:\/\/prototal.info\/no\/wp-json\/wp\/v2\/users\/5"}],"replies":[{"embeddable":true,"href":"https:\/\/prototal.info\/no\/wp-json\/wp\/v2\/comments?post=11030"}],"version-history":[{"count":2,"href":"https:\/\/prototal.info\/no\/wp-json\/wp\/v2\/posts\/11030\/revisions"}],"predecessor-version":[{"id":11032,"href":"https:\/\/prototal.info\/no\/wp-json\/wp\/v2\/posts\/11030\/revisions\/11032"}],"wp:featuredmedia":[{"embeddable":true,"href":"https:\/\/prototal.info\/no\/wp-json\/wp\/v2\/media\/7867"}],"wp:attachment":[{"href":"https:\/\/prototal.info\/no\/wp-json\/wp\/v2\/media?parent=11030"}],"wp:term":[{"taxonomy":"category","embeddable":true,"href":"https:\/\/prototal.info\/no\/wp-json\/wp\/v2\/categories?post=11030"},{"taxonomy":"post_tag","embeddable":true,"href":"https:\/\/prototal.info\/no\/wp-json\/wp\/v2\/tags?post=11030"}],"curies":[{"name":"wp","href":"https:\/\/api.w.org\/{rel}","templated":true}]}}