{"id":11027,"date":"2025-09-08T10:00:00","date_gmt":"2025-09-08T08:00:00","guid":{"rendered":"https:\/\/prototal.info\/2025\/09\/08\/prototal-blir-medlem-av-den-svenske-sikkerhets-og-forsvarsindustriforeningen-soff\/"},"modified":"2026-03-11T21:39:24","modified_gmt":"2026-03-11T20:39:24","slug":"prototal-blir-medlem-av-den-svenske-sikkerhets-og-forsvarsindustriforeningen-soff","status":"publish","type":"post","link":"https:\/\/prototal.info\/no\/2025\/09\/08\/prototal-blir-medlem-av-den-svenske-sikkerhets-og-forsvarsindustriforeningen-soff\/","title":{"rendered":"Prototal blir medlem av den svenske sikkerhets- og forsvarsindustriforeningen, SOFF"},"content":{"rendered":"\n<p>Prototal Sweden AB har blitt medlem av SOFF &#8211; den svenske sikkerhets- og forsvarsindustriforeningen.<\/p>\n\n<p>Medlemskapet styrker Prototals evne til \u00e5 bidra til Sveriges sikkerhet og beredskap, samtidig som det \u00e5pner d\u00f8rer for nye samarbeid og faglige utviklingsmuligheter innen forsvarssektoren.<\/p>\n\n<p>SOFF arbeider for \u00e5 skape best mulige konkurransevilk\u00e5r for forsvars- og sikkerhetsbedrifter ved \u00e5 fremme markedsadgang og internasjonal handel. Organisasjonen representerer rundt 250 medlemsbedrifter som opererer innenfor omr\u00e5der som sivil sikkerhet, cyberteknologi og forsvarsteknologi. <\/p>\n\n<blockquote class=\"wp-block-quote is-layout-flow wp-block-quote-is-layout-flow\">\n<p><strong>&#8220;\u00c5 bli medlem i SOFF er et viktig skritt for Prototal. Vi ser et \u00f8kende behov for avanserte produksjonsl\u00f8sninger innen Sveriges totalforsvar, og gjennom dette medlemskapet kan vi b\u00e5de utdype v\u00e5re samarbeid og fortsette \u00e5 styrke v\u00e5r kompetanse p\u00e5 omr\u00e5det. Vi \u00f8nsker \u00e5 v\u00e6re en aktiv partner i utviklingen av Sveriges forsvarsevne og langsiktige beredskap, sier Karin Holst, Global Sales Director Aerospace &amp; Defence, Prototal Group.<\/strong><\/p>\n<\/blockquote>\n\n<blockquote class=\"wp-block-quote is-layout-flow wp-block-quote-is-layout-flow\">\n<p><strong>&#8220;Vi \u00f8nsker Prototal velkommen som nytt medlem i SOFF. Deres ekspertise innen avansert produksjon, additiv produksjon og industrielle l\u00f8sninger p\u00e5 h\u00f8yt niv\u00e5 er et verdifullt tilskudd for \u00e5 styrke Sveriges totalforsvar. Sammen med v\u00e5re medlemmer jobber vi for \u00e5 m\u00f8te de \u00f8kte sikkerhetsutfordringene landet st\u00e5r overfor, sier Robert Limmerg\u00e5rd, generalsekret\u00e6r i Sveriges S\u00e4kerhets- och F\u00f6rsvarsindustrif\u00f6rbund.<\/strong><\/p>\n<\/blockquote>\n\n<p>SOFF samarbeider ogs\u00e5 med internasjonale bransjeorganisasjoner og er medlem av AeroSpace and Defence Industries Association of Europe (ASD) og NATO Industrial Advisory Group (NIAG), i tillegg til \u00e5 ha flere samarbeidsavtaler med organisasjoner i andre land.<\/p>\n\n<p><\/p>\n","protected":false},"excerpt":{"rendered":"<p>Prototal Sweden AB har blitt medlem av SOFF &#8211; den svenske sikkerhets- og forsvarsindustriforeningen. Medlemskapet styrker Prototals evne til \u00e5 bidra til Sveriges sikkerhet og beredskap, samtidig som det \u00e5pner d\u00f8rer for nye samarbeid og faglige utviklingsmuligheter innen forsvarssektoren. SOFF arbeider for \u00e5 skape best mulige konkurransevilk\u00e5r for forsvars- og sikkerhetsbedrifter ved \u00e5 fremme markedsadgang [&hellip;]<\/p>\n","protected":false},"author":5,"featured_media":19196,"comment_status":"closed","ping_status":"open","sticky":false,"template":"","format":"standard","meta":{"_acf_changed":false,"inline_featured_image":false,"footnotes":""},"categories":[166],"tags":[],"class_list":["post-11027","post","type-post","status-publish","format-standard","has-post-thumbnail","hentry","category-kommersiell"],"acf":[],"yoast_head":"<!-- This site is optimized with the Yoast SEO plugin v27.2 - https:\/\/yoast.com\/product\/yoast-seo-wordpress\/ -->\n<title>Prototal blir medlem av den svenske sikkerhets- og forsvarsindustriforeningen, SOFF | Prototal<\/title>\n<meta name=\"robots\" content=\"index, follow, max-snippet:-1, max-image-preview:large, max-video-preview:-1\" \/>\n<link rel=\"canonical\" href=\"https:\/\/prototal.info\/no\/2025\/09\/08\/prototal-blir-medlem-av-den-svenske-sikkerhets-og-forsvarsindustriforeningen-soff\/\" \/>\n<meta property=\"og:locale\" content=\"nb_NO\" \/>\n<meta property=\"og:type\" content=\"article\" \/>\n<meta property=\"og:title\" content=\"Prototal blir medlem av den svenske sikkerhets- og forsvarsindustriforeningen, SOFF | Prototal\" \/>\n<meta property=\"og:description\" content=\"Prototal Sweden AB har blitt medlem av SOFF &#8211; den svenske sikkerhets- og forsvarsindustriforeningen. Medlemskapet styrker Prototals evne til \u00e5 bidra til Sveriges sikkerhet og beredskap, samtidig som det \u00e5pner d\u00f8rer for nye samarbeid og faglige utviklingsmuligheter innen forsvarssektoren. SOFF arbeider for \u00e5 skape best mulige konkurransevilk\u00e5r for forsvars- og sikkerhetsbedrifter ved \u00e5 fremme markedsadgang [&hellip;]\" \/>\n<meta property=\"og:url\" content=\"https:\/\/prototal.info\/no\/2025\/09\/08\/prototal-blir-medlem-av-den-svenske-sikkerhets-og-forsvarsindustriforeningen-soff\/\" \/>\n<meta property=\"og:site_name\" content=\"Prototal\" \/>\n<meta property=\"article:published_time\" content=\"2025-09-08T08:00:00+00:00\" \/>\n<meta property=\"article:modified_time\" content=\"2026-03-11T20:39:24+00:00\" \/>\n<meta name=\"author\" content=\"Phillip Kamp\" \/>\n<meta name=\"twitter:card\" content=\"summary_large_image\" \/>\n<meta name=\"twitter:label1\" content=\"Written by\" \/>\n\t<meta name=\"twitter:data1\" content=\"Phillip Kamp\" \/>\n\t<meta name=\"twitter:label2\" content=\"Est. reading time\" \/>\n\t<meta name=\"twitter:data2\" content=\"1 minute\" \/>\n<script type=\"application\/ld+json\" class=\"yoast-schema-graph\">{\n\t    \"@context\": \"https:\/\/schema.org\",\n\t    \"@graph\": [\n\t        {\n\t            \"@type\": \"Article\",\n\t            \"@id\": \"https:\/\/prototal.info\/no\/2025\/09\/08\/prototal-blir-medlem-av-den-svenske-sikkerhets-og-forsvarsindustriforeningen-soff\/#article\",\n\t            \"isPartOf\": {\n\t                \"@id\": \"https:\/\/prototal.info\/no\/2025\/09\/08\/prototal-blir-medlem-av-den-svenske-sikkerhets-og-forsvarsindustriforeningen-soff\/\"\n\t            },\n\t            \"author\": {\n\t                \"name\": \"Phillip Kamp\",\n\t                \"@id\": \"https:\/\/prototal.info\/no\/#\/schema\/person\/8905af261041a8b6c271ff02618d2a42\"\n\t            },\n\t            \"headline\": \"Prototal blir medlem av den svenske sikkerhets- og forsvarsindustriforeningen, SOFF\",\n\t            \"datePublished\": \"2025-09-08T08:00:00+00:00\",\n\t            \"dateModified\": \"2026-03-11T20:39:24+00:00\",\n\t            \"mainEntityOfPage\": {\n\t                \"@id\": \"https:\/\/prototal.info\/no\/2025\/09\/08\/prototal-blir-medlem-av-den-svenske-sikkerhets-og-forsvarsindustriforeningen-soff\/\"\n\t            },\n\t            \"wordCount\": 249,\n\t            \"publisher\": {\n\t                \"@id\": \"https:\/\/prototal.info\/no\/#organization\"\n\t            },\n\t            \"image\": {\n\t                \"@id\": \"https:\/\/prototal.info\/no\/2025\/09\/08\/prototal-blir-medlem-av-den-svenske-sikkerhets-og-forsvarsindustriforeningen-soff\/#primaryimage\"\n\t            },\n\t            \"thumbnailUrl\": \"https:\/\/prototal.info\/app\/uploads\/2025\/12\/defense-exhibition-denmark.avif\",\n\t            \"articleSection\": [\n\t                \"Kommersiell\"\n\t            ],\n\t            \"inLanguage\": \"nb-NO\"\n\t        },\n\t        {\n\t            \"@type\": \"WebPage\",\n\t            \"@id\": \"https:\/\/prototal.info\/no\/2025\/09\/08\/prototal-blir-medlem-av-den-svenske-sikkerhets-og-forsvarsindustriforeningen-soff\/\",\n\t            \"url\": \"https:\/\/prototal.info\/no\/2025\/09\/08\/prototal-blir-medlem-av-den-svenske-sikkerhets-og-forsvarsindustriforeningen-soff\/\",\n\t            \"name\": \"Prototal blir medlem av den svenske sikkerhets- og forsvarsindustriforeningen, SOFF | Prototal\",\n\t            \"isPartOf\": {\n\t                \"@id\": \"https:\/\/prototal.info\/no\/#website\"\n\t            },\n\t            \"primaryImageOfPage\": {\n\t                \"@id\": \"https:\/\/prototal.info\/no\/2025\/09\/08\/prototal-blir-medlem-av-den-svenske-sikkerhets-og-forsvarsindustriforeningen-soff\/#primaryimage\"\n\t            },\n\t            \"image\": {\n\t                \"@id\": \"https:\/\/prototal.info\/no\/2025\/09\/08\/prototal-blir-medlem-av-den-svenske-sikkerhets-og-forsvarsindustriforeningen-soff\/#primaryimage\"\n\t            },\n\t            \"thumbnailUrl\": \"https:\/\/prototal.info\/app\/uploads\/2025\/12\/defense-exhibition-denmark.avif\",\n\t            \"datePublished\": \"2025-09-08T08:00:00+00:00\",\n\t            \"dateModified\": \"2026-03-11T20:39:24+00:00\",\n\t            \"breadcrumb\": {\n\t                \"@id\": \"https:\/\/prototal.info\/no\/2025\/09\/08\/prototal-blir-medlem-av-den-svenske-sikkerhets-og-forsvarsindustriforeningen-soff\/#breadcrumb\"\n\t            },\n\t            \"inLanguage\": \"nb-NO\",\n\t            \"potentialAction\": [\n\t                {\n\t                    \"@type\": \"ReadAction\",\n\t                    \"target\": [\n\t                        \"https:\/\/prototal.info\/no\/2025\/09\/08\/prototal-blir-medlem-av-den-svenske-sikkerhets-og-forsvarsindustriforeningen-soff\/\"\n\t                    ]\n\t                }\n\t            ]\n\t        },\n\t        {\n\t            \"@type\": \"ImageObject\",\n\t            \"inLanguage\": \"nb-NO\",\n\t            \"@id\": \"https:\/\/prototal.info\/no\/2025\/09\/08\/prototal-blir-medlem-av-den-svenske-sikkerhets-og-forsvarsindustriforeningen-soff\/#primaryimage\",\n\t            \"url\": \"https:\/\/prototal.info\/app\/uploads\/2025\/12\/defense-exhibition-denmark.avif\",\n\t            \"contentUrl\": \"https:\/\/prototal.info\/app\/uploads\/2025\/12\/defense-exhibition-denmark.avif\",\n\t            \"width\": 1600,\n\t            \"height\": 1200\n\t        },\n\t        {\n\t            \"@type\": \"BreadcrumbList\",\n\t            \"@id\": \"https:\/\/prototal.info\/no\/2025\/09\/08\/prototal-blir-medlem-av-den-svenske-sikkerhets-og-forsvarsindustriforeningen-soff\/#breadcrumb\",\n\t            \"itemListElement\": [\n\t                {\n\t                    \"@type\": \"ListItem\",\n\t                    \"position\": 1,\n\t                    \"name\": \"Home\",\n\t                    \"item\": \"https:\/\/prototal.info\/no\/\"\n\t                },\n\t                {\n\t                    \"@type\": \"ListItem\",\n\t                    \"position\": 2,\n\t                    \"name\": \"Prototal blir medlem av den svenske sikkerhets- og forsvarsindustriforeningen, SOFF\"\n\t                }\n\t            ]\n\t        },\n\t        {\n\t            \"@type\": \"WebSite\",\n\t            \"@id\": \"https:\/\/prototal.info\/no\/#website\",\n\t            \"url\": \"https:\/\/prototal.info\/no\/\",\n\t            \"name\": \"Prototal\",\n\t            \"description\": \"From one to one million\",\n\t            \"publisher\": {\n\t                \"@id\": \"https:\/\/prototal.info\/no\/#organization\"\n\t            },\n\t            \"potentialAction\": [\n\t                {\n\t                    \"@type\": \"SearchAction\",\n\t                    \"target\": {\n\t                        \"@type\": \"EntryPoint\",\n\t                        \"urlTemplate\": \"https:\/\/prototal.info\/no\/?s={search_term_string}\"\n\t                    },\n\t                    \"query-input\": {\n\t                        \"@type\": \"PropertyValueSpecification\",\n\t                        \"valueRequired\": true,\n\t                        \"valueName\": \"search_term_string\"\n\t                    }\n\t                }\n\t            ],\n\t            \"inLanguage\": \"nb-NO\"\n\t        },\n\t        {\n\t            \"@type\": \"Organization\",\n\t            \"@id\": \"https:\/\/prototal.info\/no\/#organization\",\n\t            \"name\": \"Prototal\",\n\t            \"url\": \"https:\/\/prototal.info\/no\/\",\n\t            \"logo\": {\n\t                \"@type\": \"ImageObject\",\n\t                \"inLanguage\": \"nb-NO\",\n\t                \"@id\": \"https:\/\/prototal.info\/no\/#\/schema\/logo\/image\/\",\n\t                \"url\": \"https:\/\/prototal.info\/app\/uploads\/2026\/03\/yoast-seo-default-logo.avif\",\n\t                \"contentUrl\": \"https:\/\/prototal.info\/app\/uploads\/2026\/03\/yoast-seo-default-logo.avif\",\n\t                \"width\": 696,\n\t                \"height\": 696,\n\t                \"caption\": \"Prototal\"\n\t            },\n\t            \"image\": {\n\t                \"@id\": \"https:\/\/prototal.info\/no\/#\/schema\/logo\/image\/\"\n\t            }\n\t        },\n\t        {\n\t            \"@type\": \"Person\",\n\t            \"@id\": \"https:\/\/prototal.info\/no\/#\/schema\/person\/8905af261041a8b6c271ff02618d2a42\",\n\t            \"name\": \"Phillip Kamp\",\n\t            \"image\": {\n\t                \"@type\": \"ImageObject\",\n\t                \"inLanguage\": \"nb-NO\",\n\t                \"@id\": \"https:\/\/secure.gravatar.com\/avatar\/360033c1356ca7020aaa3080b437c690426978678b96d15fe35a40b3dd566bfc?s=96&d=mm&r=g\",\n\t                \"url\": \"https:\/\/secure.gravatar.com\/avatar\/360033c1356ca7020aaa3080b437c690426978678b96d15fe35a40b3dd566bfc?s=96&d=mm&r=g\",\n\t                \"contentUrl\": \"https:\/\/secure.gravatar.com\/avatar\/360033c1356ca7020aaa3080b437c690426978678b96d15fe35a40b3dd566bfc?s=96&d=mm&r=g\",\n\t                \"caption\": \"Phillip Kamp\"\n\t            }\n\t        }\n\t    ]\n\t}<\/script>\n<!-- \/ Yoast SEO plugin. -->","yoast_head_json":{"title":"Prototal blir medlem av den svenske sikkerhets- og forsvarsindustriforeningen, SOFF | Prototal","robots":{"index":"index","follow":"follow","max-snippet":"max-snippet:-1","max-image-preview":"max-image-preview:large","max-video-preview":"max-video-preview:-1"},"canonical":"https:\/\/prototal.info\/no\/2025\/09\/08\/prototal-blir-medlem-av-den-svenske-sikkerhets-og-forsvarsindustriforeningen-soff\/","og_locale":"nb_NO","og_type":"article","og_title":"Prototal blir medlem av den svenske sikkerhets- og forsvarsindustriforeningen, SOFF | Prototal","og_description":"Prototal Sweden AB har blitt medlem av SOFF &#8211; den svenske sikkerhets- og forsvarsindustriforeningen. Medlemskapet styrker Prototals evne til \u00e5 bidra til Sveriges sikkerhet og beredskap, samtidig som det \u00e5pner d\u00f8rer for nye samarbeid og faglige utviklingsmuligheter innen forsvarssektoren. SOFF arbeider for \u00e5 skape best mulige konkurransevilk\u00e5r for forsvars- og sikkerhetsbedrifter ved \u00e5 fremme markedsadgang [&hellip;]","og_url":"https:\/\/prototal.info\/no\/2025\/09\/08\/prototal-blir-medlem-av-den-svenske-sikkerhets-og-forsvarsindustriforeningen-soff\/","og_site_name":"Prototal","article_published_time":"2025-09-08T08:00:00+00:00","article_modified_time":"2026-03-11T20:39:24+00:00","author":"Phillip Kamp","twitter_card":"summary_large_image","twitter_misc":{"Written by":"Phillip Kamp","Est. reading time":"1 minute"},"schema":{"@context":"https:\/\/schema.org","@graph":[{"@type":"Article","@id":"https:\/\/prototal.info\/no\/2025\/09\/08\/prototal-blir-medlem-av-den-svenske-sikkerhets-og-forsvarsindustriforeningen-soff\/#article","isPartOf":{"@id":"https:\/\/prototal.info\/no\/2025\/09\/08\/prototal-blir-medlem-av-den-svenske-sikkerhets-og-forsvarsindustriforeningen-soff\/"},"author":{"name":"Phillip Kamp","@id":"https:\/\/prototal.info\/no\/#\/schema\/person\/8905af261041a8b6c271ff02618d2a42"},"headline":"Prototal blir medlem av den svenske sikkerhets- og forsvarsindustriforeningen, SOFF","datePublished":"2025-09-08T08:00:00+00:00","dateModified":"2026-03-11T20:39:24+00:00","mainEntityOfPage":{"@id":"https:\/\/prototal.info\/no\/2025\/09\/08\/prototal-blir-medlem-av-den-svenske-sikkerhets-og-forsvarsindustriforeningen-soff\/"},"wordCount":249,"publisher":{"@id":"https:\/\/prototal.info\/no\/#organization"},"image":{"@id":"https:\/\/prototal.info\/no\/2025\/09\/08\/prototal-blir-medlem-av-den-svenske-sikkerhets-og-forsvarsindustriforeningen-soff\/#primaryimage"},"thumbnailUrl":"https:\/\/prototal.info\/app\/uploads\/2025\/12\/defense-exhibition-denmark.avif","articleSection":["Kommersiell"],"inLanguage":"nb-NO"},{"@type":"WebPage","@id":"https:\/\/prototal.info\/no\/2025\/09\/08\/prototal-blir-medlem-av-den-svenske-sikkerhets-og-forsvarsindustriforeningen-soff\/","url":"https:\/\/prototal.info\/no\/2025\/09\/08\/prototal-blir-medlem-av-den-svenske-sikkerhets-og-forsvarsindustriforeningen-soff\/","name":"Prototal blir medlem av den svenske sikkerhets- og forsvarsindustriforeningen, SOFF | Prototal","isPartOf":{"@id":"https:\/\/prototal.info\/no\/#website"},"primaryImageOfPage":{"@id":"https:\/\/prototal.info\/no\/2025\/09\/08\/prototal-blir-medlem-av-den-svenske-sikkerhets-og-forsvarsindustriforeningen-soff\/#primaryimage"},"image":{"@id":"https:\/\/prototal.info\/no\/2025\/09\/08\/prototal-blir-medlem-av-den-svenske-sikkerhets-og-forsvarsindustriforeningen-soff\/#primaryimage"},"thumbnailUrl":"https:\/\/prototal.info\/app\/uploads\/2025\/12\/defense-exhibition-denmark.avif","datePublished":"2025-09-08T08:00:00+00:00","dateModified":"2026-03-11T20:39:24+00:00","breadcrumb":{"@id":"https:\/\/prototal.info\/no\/2025\/09\/08\/prototal-blir-medlem-av-den-svenske-sikkerhets-og-forsvarsindustriforeningen-soff\/#breadcrumb"},"inLanguage":"nb-NO","potentialAction":[{"@type":"ReadAction","target":["https:\/\/prototal.info\/no\/2025\/09\/08\/prototal-blir-medlem-av-den-svenske-sikkerhets-og-forsvarsindustriforeningen-soff\/"]}]},{"@type":"ImageObject","inLanguage":"nb-NO","@id":"https:\/\/prototal.info\/no\/2025\/09\/08\/prototal-blir-medlem-av-den-svenske-sikkerhets-og-forsvarsindustriforeningen-soff\/#primaryimage","url":"https:\/\/prototal.info\/app\/uploads\/2025\/12\/defense-exhibition-denmark.avif","contentUrl":"https:\/\/prototal.info\/app\/uploads\/2025\/12\/defense-exhibition-denmark.avif","width":1600,"height":1200},{"@type":"BreadcrumbList","@id":"https:\/\/prototal.info\/no\/2025\/09\/08\/prototal-blir-medlem-av-den-svenske-sikkerhets-og-forsvarsindustriforeningen-soff\/#breadcrumb","itemListElement":[{"@type":"ListItem","position":1,"name":"Home","item":"https:\/\/prototal.info\/no\/"},{"@type":"ListItem","position":2,"name":"Prototal blir medlem av den svenske sikkerhets- og forsvarsindustriforeningen, SOFF"}]},{"@type":"WebSite","@id":"https:\/\/prototal.info\/no\/#website","url":"https:\/\/prototal.info\/no\/","name":"Prototal","description":"From one to one million","publisher":{"@id":"https:\/\/prototal.info\/no\/#organization"},"potentialAction":[{"@type":"SearchAction","target":{"@type":"EntryPoint","urlTemplate":"https:\/\/prototal.info\/no\/?s={search_term_string}"},"query-input":{"@type":"PropertyValueSpecification","valueRequired":true,"valueName":"search_term_string"}}],"inLanguage":"nb-NO"},{"@type":"Organization","@id":"https:\/\/prototal.info\/no\/#organization","name":"Prototal","url":"https:\/\/prototal.info\/no\/","logo":{"@type":"ImageObject","inLanguage":"nb-NO","@id":"https:\/\/prototal.info\/no\/#\/schema\/logo\/image\/","url":"https:\/\/prototal.info\/app\/uploads\/2026\/03\/yoast-seo-default-logo.avif","contentUrl":"https:\/\/prototal.info\/app\/uploads\/2026\/03\/yoast-seo-default-logo.avif","width":696,"height":696,"caption":"Prototal"},"image":{"@id":"https:\/\/prototal.info\/no\/#\/schema\/logo\/image\/"}},{"@type":"Person","@id":"https:\/\/prototal.info\/no\/#\/schema\/person\/8905af261041a8b6c271ff02618d2a42","name":"Phillip Kamp","image":{"@type":"ImageObject","inLanguage":"nb-NO","@id":"https:\/\/secure.gravatar.com\/avatar\/360033c1356ca7020aaa3080b437c690426978678b96d15fe35a40b3dd566bfc?s=96&d=mm&r=g","url":"https:\/\/secure.gravatar.com\/avatar\/360033c1356ca7020aaa3080b437c690426978678b96d15fe35a40b3dd566bfc?s=96&d=mm&r=g","contentUrl":"https:\/\/secure.gravatar.com\/avatar\/360033c1356ca7020aaa3080b437c690426978678b96d15fe35a40b3dd566bfc?s=96&d=mm&r=g","caption":"Phillip Kamp"}}]}},"_links":{"self":[{"href":"https:\/\/prototal.info\/no\/wp-json\/wp\/v2\/posts\/11027","targetHints":{"allow":["GET"]}}],"collection":[{"href":"https:\/\/prototal.info\/no\/wp-json\/wp\/v2\/posts"}],"about":[{"href":"https:\/\/prototal.info\/no\/wp-json\/wp\/v2\/types\/post"}],"author":[{"embeddable":true,"href":"https:\/\/prototal.info\/no\/wp-json\/wp\/v2\/users\/5"}],"replies":[{"embeddable":true,"href":"https:\/\/prototal.info\/no\/wp-json\/wp\/v2\/comments?post=11027"}],"version-history":[{"count":2,"href":"https:\/\/prototal.info\/no\/wp-json\/wp\/v2\/posts\/11027\/revisions"}],"predecessor-version":[{"id":11029,"href":"https:\/\/prototal.info\/no\/wp-json\/wp\/v2\/posts\/11027\/revisions\/11029"}],"wp:featuredmedia":[{"embeddable":true,"href":"https:\/\/prototal.info\/no\/wp-json\/wp\/v2\/media\/19196"}],"wp:attachment":[{"href":"https:\/\/prototal.info\/no\/wp-json\/wp\/v2\/media?parent=11027"}],"wp:term":[{"taxonomy":"category","embeddable":true,"href":"https:\/\/prototal.info\/no\/wp-json\/wp\/v2\/categories?post=11027"},{"taxonomy":"post_tag","embeddable":true,"href":"https:\/\/prototal.info\/no\/wp-json\/wp\/v2\/tags?post=11027"}],"curies":[{"name":"wp","href":"https:\/\/api.w.org\/{rel}","templated":true}]}}