{"id":11012,"date":"2025-06-02T10:00:00","date_gmt":"2025-06-02T08:00:00","guid":{"rendered":"https:\/\/prototal.info\/2025\/06\/02\/prototal-rafforza-il-nucleo-commerciale-con-nomine-di-grande-impatto\/"},"modified":"2026-03-11T21:37:17","modified_gmt":"2026-03-11T20:37:17","slug":"prototal-rafforza-il-nucleo-commerciale-con-nomine-di-grande-impatto","status":"publish","type":"post","link":"https:\/\/prototal.info\/it\/2025\/06\/02\/prototal-rafforza-il-nucleo-commerciale-con-nomine-di-grande-impatto\/","title":{"rendered":"Prototal rafforza il nucleo commerciale con nomine di grande impatto"},"content":{"rendered":"\n<p><strong>Prototal Industries espande il suo team commerciale &#8211; rafforza la sua presenza nell&#8217;industria aerospaziale e della difesa e aumenta l&#8217;attenzione sulla produzione seriale nella stampa 3D industriale<\/strong><\/p>\n\n<p>Prototal continua la sua strategia di crescita ampliando il suo team di vendita globale. Con maggiori investimenti nello sviluppo commerciale, l&#8217;azienda sta compiendo il passo successivo nel suo percorso di crescita, con un&#8217;attenzione particolare alla produzione in serie nella manifattura additiva. <\/p>\n\n<p>Oltre ai team di vendita locali esistenti in ogni paese in cui Prototal opera, l&#8217;organizzazione viene ora completata con una struttura globale che opera a livello transfrontaliero e si concentra su segmenti specifici, inizialmente con un focus sull&#8217;industria aerospaziale e della difesa.<\/p>\n\n<p>Nell&#8217;ambito di questa iniziativa, siamo lieti di dare il benvenuto a due nuovi membri chiave del nostro team:<\/p>\n\n<p><strong><a href=\"https:\/\/www.linkedin.com\/in\/karin-holst\/\">Karin Holst<\/a><\/strong> assume il ruolo di <strong>Global Sales Director &#8211; Aerospace &amp; Defence<\/strong>. Con una vasta esperienza in aziende come EOS e una solida rete di contatti nel settore della produzione additiva, Karin guider\u00e0 il nostro sviluppo strategico nel settore aerospaziale e della difesa a livello globale. <\/p>\n\n<p><strong><a href=\"https:\/\/www.linkedin.com\/in\/jimmymuller\/\">Jimmy M\u00fcller<\/a><\/strong> entra come <strong>Senior Business Developer<\/strong>, responsabile dell&#8217;identificazione e della promozione di nuove opportunit\u00e0 commerciali per la produzione in serie in collaborazione con i nostri clienti. Jimmy \u00e8 molto conosciuto nel mondo della produzione additiva grazie ai suoi precedenti ruoli in Canon e PLM, e porta con s\u00e9 un solido background nello sviluppo di relazioni di successo con i clienti e di modelli di business. <\/p>\n\n<blockquote class=\"wp-block-quote is-layout-flow wp-block-quote-is-layout-flow\">\n<p><strong>Siamo lieti di dare il benvenuto a Karin e Jimmy in Prototal. La loro esperienza e il loro impegno rafforzano la nostra offerta e la nostra capacit\u00e0 di soddisfare le crescenti richieste di produzione in serie nella manifattura additiva, soprattutto in un settore in cui la qualit\u00e0, la tracciabilit\u00e0 e l&#8217;innovazione sono fondamentali&#8221;, afferma Ronnie Petersson, Chief Commercial Officer di Prototal Group. <\/strong><\/p>\n<\/blockquote>\n\n<p><strong>Informazioni di contatto:<\/strong><\/p>\n\n<p><strong>Jimmy M\u00fcller<\/strong><br\/>Sviluppatore commerciale senior<br\/><a>jimmy.muller@prototalgroup.com<\/a><\/p>\n\n<p><strong>Karin Holst<\/strong><br\/>Direttore Vendite Globali &#8211; Aerospazio e Difesa<br\/><a>karin.holst@prototalgroup.com<\/a><\/p>\n\n<p><\/p>\n","protected":false},"excerpt":{"rendered":"<p>Prototal Industries espande il suo team commerciale &#8211; rafforza la sua presenza nell&#8217;industria aerospaziale e della difesa e aumenta l&#8217;attenzione sulla produzione seriale nella stampa 3D industriale Prototal continua la sua strategia di crescita ampliando il suo team di vendita globale. Con maggiori investimenti nello sviluppo commerciale, l&#8217;azienda sta compiendo il passo successivo nel suo [&hellip;]<\/p>\n","protected":false},"author":5,"featured_media":7866,"comment_status":"closed","ping_status":"open","sticky":false,"template":"","format":"standard","meta":{"_acf_changed":false,"inline_featured_image":false,"footnotes":""},"categories":[165],"tags":[],"class_list":["post-11012","post","type-post","status-publish","format-standard","has-post-thumbnail","hentry","category-commerciale"],"acf":[],"yoast_head":"<!-- This site is optimized with the Yoast SEO plugin v27.2 - https:\/\/yoast.com\/product\/yoast-seo-wordpress\/ -->\n<title>Prototal rafforza il nucleo commerciale con nomine di grande impatto | Prototal<\/title>\n<meta name=\"robots\" content=\"index, follow, max-snippet:-1, max-image-preview:large, max-video-preview:-1\" \/>\n<link rel=\"canonical\" href=\"https:\/\/prototal.info\/it\/2025\/06\/02\/prototal-rafforza-il-nucleo-commerciale-con-nomine-di-grande-impatto\/\" \/>\n<meta property=\"og:locale\" content=\"it_IT\" \/>\n<meta property=\"og:type\" content=\"article\" \/>\n<meta property=\"og:title\" content=\"Prototal rafforza il nucleo commerciale con nomine di grande impatto | Prototal\" \/>\n<meta property=\"og:description\" content=\"Prototal Industries espande il suo team commerciale &#8211; rafforza la sua presenza nell&#8217;industria aerospaziale e della difesa e aumenta l&#8217;attenzione sulla produzione seriale nella stampa 3D industriale Prototal continua la sua strategia di crescita ampliando il suo team di vendita globale. Con maggiori investimenti nello sviluppo commerciale, l&#8217;azienda sta compiendo il passo successivo nel suo [&hellip;]\" \/>\n<meta property=\"og:url\" content=\"https:\/\/prototal.info\/it\/2025\/06\/02\/prototal-rafforza-il-nucleo-commerciale-con-nomine-di-grande-impatto\/\" \/>\n<meta property=\"og:site_name\" content=\"Prototal\" \/>\n<meta property=\"article:published_time\" content=\"2025-06-02T08:00:00+00:00\" \/>\n<meta property=\"article:modified_time\" content=\"2026-03-11T20:37:17+00:00\" \/>\n<meta name=\"author\" content=\"Phillip Kamp\" \/>\n<meta name=\"twitter:card\" content=\"summary_large_image\" \/>\n<meta name=\"twitter:label1\" content=\"Written by\" \/>\n\t<meta name=\"twitter:data1\" content=\"Phillip Kamp\" \/>\n\t<meta name=\"twitter:label2\" content=\"Est. reading time\" \/>\n\t<meta name=\"twitter:data2\" content=\"2 minutes\" \/>\n<script type=\"application\/ld+json\" class=\"yoast-schema-graph\">{\n\t    \"@context\": \"https:\/\/schema.org\",\n\t    \"@graph\": [\n\t        {\n\t            \"@type\": \"Article\",\n\t            \"@id\": \"https:\/\/prototal.info\/it\/2025\/06\/02\/prototal-rafforza-il-nucleo-commerciale-con-nomine-di-grande-impatto\/#article\",\n\t            \"isPartOf\": {\n\t                \"@id\": \"https:\/\/prototal.info\/it\/2025\/06\/02\/prototal-rafforza-il-nucleo-commerciale-con-nomine-di-grande-impatto\/\"\n\t            },\n\t            \"author\": {\n\t                \"name\": \"Phillip Kamp\",\n\t                \"@id\": \"https:\/\/prototal.info\/it\/#\/schema\/person\/8905af261041a8b6c271ff02618d2a42\"\n\t            },\n\t            \"headline\": \"Prototal rafforza il nucleo commerciale con nomine di grande impatto\",\n\t            \"datePublished\": \"2025-06-02T08:00:00+00:00\",\n\t            \"dateModified\": \"2026-03-11T20:37:17+00:00\",\n\t            \"mainEntityOfPage\": {\n\t                \"@id\": \"https:\/\/prototal.info\/it\/2025\/06\/02\/prototal-rafforza-il-nucleo-commerciale-con-nomine-di-grande-impatto\/\"\n\t            },\n\t            \"wordCount\": 348,\n\t            \"publisher\": {\n\t                \"@id\": \"https:\/\/prototal.info\/it\/#organization\"\n\t            },\n\t            \"image\": {\n\t                \"@id\": \"https:\/\/prototal.info\/it\/2025\/06\/02\/prototal-rafforza-il-nucleo-commerciale-con-nomine-di-grande-impatto\/#primaryimage\"\n\t            },\n\t            \"thumbnailUrl\": \"https:\/\/prototal.info\/app\/uploads\/2026\/02\/karin-jimmy-news.avif\",\n\t            \"articleSection\": [\n\t                \"Commerciale\"\n\t            ],\n\t            \"inLanguage\": \"it-IT\"\n\t        },\n\t        {\n\t            \"@type\": \"WebPage\",\n\t            \"@id\": \"https:\/\/prototal.info\/it\/2025\/06\/02\/prototal-rafforza-il-nucleo-commerciale-con-nomine-di-grande-impatto\/\",\n\t            \"url\": \"https:\/\/prototal.info\/it\/2025\/06\/02\/prototal-rafforza-il-nucleo-commerciale-con-nomine-di-grande-impatto\/\",\n\t            \"name\": \"Prototal rafforza il nucleo commerciale con nomine di grande impatto | Prototal\",\n\t            \"isPartOf\": {\n\t                \"@id\": \"https:\/\/prototal.info\/it\/#website\"\n\t            },\n\t            \"primaryImageOfPage\": {\n\t                \"@id\": \"https:\/\/prototal.info\/it\/2025\/06\/02\/prototal-rafforza-il-nucleo-commerciale-con-nomine-di-grande-impatto\/#primaryimage\"\n\t            },\n\t            \"image\": {\n\t                \"@id\": \"https:\/\/prototal.info\/it\/2025\/06\/02\/prototal-rafforza-il-nucleo-commerciale-con-nomine-di-grande-impatto\/#primaryimage\"\n\t            },\n\t            \"thumbnailUrl\": \"https:\/\/prototal.info\/app\/uploads\/2026\/02\/karin-jimmy-news.avif\",\n\t            \"datePublished\": \"2025-06-02T08:00:00+00:00\",\n\t            \"dateModified\": \"2026-03-11T20:37:17+00:00\",\n\t            \"breadcrumb\": {\n\t                \"@id\": \"https:\/\/prototal.info\/it\/2025\/06\/02\/prototal-rafforza-il-nucleo-commerciale-con-nomine-di-grande-impatto\/#breadcrumb\"\n\t            },\n\t            \"inLanguage\": \"it-IT\",\n\t            \"potentialAction\": [\n\t                {\n\t                    \"@type\": \"ReadAction\",\n\t                    \"target\": [\n\t                        \"https:\/\/prototal.info\/it\/2025\/06\/02\/prototal-rafforza-il-nucleo-commerciale-con-nomine-di-grande-impatto\/\"\n\t                    ]\n\t                }\n\t            ]\n\t        },\n\t        {\n\t            \"@type\": \"ImageObject\",\n\t            \"inLanguage\": \"it-IT\",\n\t            \"@id\": \"https:\/\/prototal.info\/it\/2025\/06\/02\/prototal-rafforza-il-nucleo-commerciale-con-nomine-di-grande-impatto\/#primaryimage\",\n\t            \"url\": \"https:\/\/prototal.info\/app\/uploads\/2026\/02\/karin-jimmy-news.avif\",\n\t            \"contentUrl\": \"https:\/\/prototal.info\/app\/uploads\/2026\/02\/karin-jimmy-news.avif\",\n\t            \"width\": 1600,\n\t            \"height\": 1200\n\t        },\n\t        {\n\t            \"@type\": \"BreadcrumbList\",\n\t            \"@id\": \"https:\/\/prototal.info\/it\/2025\/06\/02\/prototal-rafforza-il-nucleo-commerciale-con-nomine-di-grande-impatto\/#breadcrumb\",\n\t            \"itemListElement\": [\n\t                {\n\t                    \"@type\": \"ListItem\",\n\t                    \"position\": 1,\n\t                    \"name\": \"Home\",\n\t                    \"item\": \"https:\/\/prototal.info\/it\/\"\n\t                },\n\t                {\n\t                    \"@type\": \"ListItem\",\n\t                    \"position\": 2,\n\t                    \"name\": \"Prototal rafforza il nucleo commerciale con nomine di grande impatto\"\n\t                }\n\t            ]\n\t        },\n\t        {\n\t            \"@type\": \"WebSite\",\n\t            \"@id\": \"https:\/\/prototal.info\/it\/#website\",\n\t            \"url\": \"https:\/\/prototal.info\/it\/\",\n\t            \"name\": \"Prototal\",\n\t            \"description\": \"From one to one million\",\n\t            \"publisher\": {\n\t                \"@id\": \"https:\/\/prototal.info\/it\/#organization\"\n\t            },\n\t            \"potentialAction\": [\n\t                {\n\t                    \"@type\": \"SearchAction\",\n\t                    \"target\": {\n\t                        \"@type\": \"EntryPoint\",\n\t                        \"urlTemplate\": \"https:\/\/prototal.info\/it\/?s={search_term_string}\"\n\t                    },\n\t                    \"query-input\": {\n\t                        \"@type\": \"PropertyValueSpecification\",\n\t                        \"valueRequired\": true,\n\t                        \"valueName\": \"search_term_string\"\n\t                    }\n\t                }\n\t            ],\n\t            \"inLanguage\": \"it-IT\"\n\t        },\n\t        {\n\t            \"@type\": \"Organization\",\n\t            \"@id\": \"https:\/\/prototal.info\/it\/#organization\",\n\t            \"name\": \"Prototal\",\n\t            \"url\": \"https:\/\/prototal.info\/it\/\",\n\t            \"logo\": {\n\t                \"@type\": \"ImageObject\",\n\t                \"inLanguage\": \"it-IT\",\n\t                \"@id\": \"https:\/\/prototal.info\/it\/#\/schema\/logo\/image\/\",\n\t                \"url\": \"https:\/\/prototal.info\/app\/uploads\/2026\/03\/yoast-seo-default-logo.avif\",\n\t                \"contentUrl\": \"https:\/\/prototal.info\/app\/uploads\/2026\/03\/yoast-seo-default-logo.avif\",\n\t                \"width\": 696,\n\t                \"height\": 696,\n\t                \"caption\": \"Prototal\"\n\t            },\n\t            \"image\": {\n\t                \"@id\": \"https:\/\/prototal.info\/it\/#\/schema\/logo\/image\/\"\n\t            }\n\t        },\n\t        {\n\t            \"@type\": \"Person\",\n\t            \"@id\": \"https:\/\/prototal.info\/it\/#\/schema\/person\/8905af261041a8b6c271ff02618d2a42\",\n\t            \"name\": \"Phillip Kamp\",\n\t            \"image\": {\n\t                \"@type\": \"ImageObject\",\n\t                \"inLanguage\": \"it-IT\",\n\t                \"@id\": \"https:\/\/secure.gravatar.com\/avatar\/360033c1356ca7020aaa3080b437c690426978678b96d15fe35a40b3dd566bfc?s=96&d=mm&r=g\",\n\t                \"url\": \"https:\/\/secure.gravatar.com\/avatar\/360033c1356ca7020aaa3080b437c690426978678b96d15fe35a40b3dd566bfc?s=96&d=mm&r=g\",\n\t                \"contentUrl\": \"https:\/\/secure.gravatar.com\/avatar\/360033c1356ca7020aaa3080b437c690426978678b96d15fe35a40b3dd566bfc?s=96&d=mm&r=g\",\n\t                \"caption\": \"Phillip Kamp\"\n\t            }\n\t        }\n\t    ]\n\t}<\/script>\n<!-- \/ Yoast SEO plugin. -->","yoast_head_json":{"title":"Prototal rafforza il nucleo commerciale con nomine di grande impatto | Prototal","robots":{"index":"index","follow":"follow","max-snippet":"max-snippet:-1","max-image-preview":"max-image-preview:large","max-video-preview":"max-video-preview:-1"},"canonical":"https:\/\/prototal.info\/it\/2025\/06\/02\/prototal-rafforza-il-nucleo-commerciale-con-nomine-di-grande-impatto\/","og_locale":"it_IT","og_type":"article","og_title":"Prototal rafforza il nucleo commerciale con nomine di grande impatto | Prototal","og_description":"Prototal Industries espande il suo team commerciale &#8211; rafforza la sua presenza nell&#8217;industria aerospaziale e della difesa e aumenta l&#8217;attenzione sulla produzione seriale nella stampa 3D industriale Prototal continua la sua strategia di crescita ampliando il suo team di vendita globale. Con maggiori investimenti nello sviluppo commerciale, l&#8217;azienda sta compiendo il passo successivo nel suo [&hellip;]","og_url":"https:\/\/prototal.info\/it\/2025\/06\/02\/prototal-rafforza-il-nucleo-commerciale-con-nomine-di-grande-impatto\/","og_site_name":"Prototal","article_published_time":"2025-06-02T08:00:00+00:00","article_modified_time":"2026-03-11T20:37:17+00:00","author":"Phillip Kamp","twitter_card":"summary_large_image","twitter_misc":{"Written by":"Phillip Kamp","Est. reading time":"2 minutes"},"schema":{"@context":"https:\/\/schema.org","@graph":[{"@type":"Article","@id":"https:\/\/prototal.info\/it\/2025\/06\/02\/prototal-rafforza-il-nucleo-commerciale-con-nomine-di-grande-impatto\/#article","isPartOf":{"@id":"https:\/\/prototal.info\/it\/2025\/06\/02\/prototal-rafforza-il-nucleo-commerciale-con-nomine-di-grande-impatto\/"},"author":{"name":"Phillip Kamp","@id":"https:\/\/prototal.info\/it\/#\/schema\/person\/8905af261041a8b6c271ff02618d2a42"},"headline":"Prototal rafforza il nucleo commerciale con nomine di grande impatto","datePublished":"2025-06-02T08:00:00+00:00","dateModified":"2026-03-11T20:37:17+00:00","mainEntityOfPage":{"@id":"https:\/\/prototal.info\/it\/2025\/06\/02\/prototal-rafforza-il-nucleo-commerciale-con-nomine-di-grande-impatto\/"},"wordCount":348,"publisher":{"@id":"https:\/\/prototal.info\/it\/#organization"},"image":{"@id":"https:\/\/prototal.info\/it\/2025\/06\/02\/prototal-rafforza-il-nucleo-commerciale-con-nomine-di-grande-impatto\/#primaryimage"},"thumbnailUrl":"https:\/\/prototal.info\/app\/uploads\/2026\/02\/karin-jimmy-news.avif","articleSection":["Commerciale"],"inLanguage":"it-IT"},{"@type":"WebPage","@id":"https:\/\/prototal.info\/it\/2025\/06\/02\/prototal-rafforza-il-nucleo-commerciale-con-nomine-di-grande-impatto\/","url":"https:\/\/prototal.info\/it\/2025\/06\/02\/prototal-rafforza-il-nucleo-commerciale-con-nomine-di-grande-impatto\/","name":"Prototal rafforza il nucleo commerciale con nomine di grande impatto | Prototal","isPartOf":{"@id":"https:\/\/prototal.info\/it\/#website"},"primaryImageOfPage":{"@id":"https:\/\/prototal.info\/it\/2025\/06\/02\/prototal-rafforza-il-nucleo-commerciale-con-nomine-di-grande-impatto\/#primaryimage"},"image":{"@id":"https:\/\/prototal.info\/it\/2025\/06\/02\/prototal-rafforza-il-nucleo-commerciale-con-nomine-di-grande-impatto\/#primaryimage"},"thumbnailUrl":"https:\/\/prototal.info\/app\/uploads\/2026\/02\/karin-jimmy-news.avif","datePublished":"2025-06-02T08:00:00+00:00","dateModified":"2026-03-11T20:37:17+00:00","breadcrumb":{"@id":"https:\/\/prototal.info\/it\/2025\/06\/02\/prototal-rafforza-il-nucleo-commerciale-con-nomine-di-grande-impatto\/#breadcrumb"},"inLanguage":"it-IT","potentialAction":[{"@type":"ReadAction","target":["https:\/\/prototal.info\/it\/2025\/06\/02\/prototal-rafforza-il-nucleo-commerciale-con-nomine-di-grande-impatto\/"]}]},{"@type":"ImageObject","inLanguage":"it-IT","@id":"https:\/\/prototal.info\/it\/2025\/06\/02\/prototal-rafforza-il-nucleo-commerciale-con-nomine-di-grande-impatto\/#primaryimage","url":"https:\/\/prototal.info\/app\/uploads\/2026\/02\/karin-jimmy-news.avif","contentUrl":"https:\/\/prototal.info\/app\/uploads\/2026\/02\/karin-jimmy-news.avif","width":1600,"height":1200},{"@type":"BreadcrumbList","@id":"https:\/\/prototal.info\/it\/2025\/06\/02\/prototal-rafforza-il-nucleo-commerciale-con-nomine-di-grande-impatto\/#breadcrumb","itemListElement":[{"@type":"ListItem","position":1,"name":"Home","item":"https:\/\/prototal.info\/it\/"},{"@type":"ListItem","position":2,"name":"Prototal rafforza il nucleo commerciale con nomine di grande impatto"}]},{"@type":"WebSite","@id":"https:\/\/prototal.info\/it\/#website","url":"https:\/\/prototal.info\/it\/","name":"Prototal","description":"From one to one million","publisher":{"@id":"https:\/\/prototal.info\/it\/#organization"},"potentialAction":[{"@type":"SearchAction","target":{"@type":"EntryPoint","urlTemplate":"https:\/\/prototal.info\/it\/?s={search_term_string}"},"query-input":{"@type":"PropertyValueSpecification","valueRequired":true,"valueName":"search_term_string"}}],"inLanguage":"it-IT"},{"@type":"Organization","@id":"https:\/\/prototal.info\/it\/#organization","name":"Prototal","url":"https:\/\/prototal.info\/it\/","logo":{"@type":"ImageObject","inLanguage":"it-IT","@id":"https:\/\/prototal.info\/it\/#\/schema\/logo\/image\/","url":"https:\/\/prototal.info\/app\/uploads\/2026\/03\/yoast-seo-default-logo.avif","contentUrl":"https:\/\/prototal.info\/app\/uploads\/2026\/03\/yoast-seo-default-logo.avif","width":696,"height":696,"caption":"Prototal"},"image":{"@id":"https:\/\/prototal.info\/it\/#\/schema\/logo\/image\/"}},{"@type":"Person","@id":"https:\/\/prototal.info\/it\/#\/schema\/person\/8905af261041a8b6c271ff02618d2a42","name":"Phillip Kamp","image":{"@type":"ImageObject","inLanguage":"it-IT","@id":"https:\/\/secure.gravatar.com\/avatar\/360033c1356ca7020aaa3080b437c690426978678b96d15fe35a40b3dd566bfc?s=96&d=mm&r=g","url":"https:\/\/secure.gravatar.com\/avatar\/360033c1356ca7020aaa3080b437c690426978678b96d15fe35a40b3dd566bfc?s=96&d=mm&r=g","contentUrl":"https:\/\/secure.gravatar.com\/avatar\/360033c1356ca7020aaa3080b437c690426978678b96d15fe35a40b3dd566bfc?s=96&d=mm&r=g","caption":"Phillip Kamp"}}]}},"_links":{"self":[{"href":"https:\/\/prototal.info\/it\/wp-json\/wp\/v2\/posts\/11012","targetHints":{"allow":["GET"]}}],"collection":[{"href":"https:\/\/prototal.info\/it\/wp-json\/wp\/v2\/posts"}],"about":[{"href":"https:\/\/prototal.info\/it\/wp-json\/wp\/v2\/types\/post"}],"author":[{"embeddable":true,"href":"https:\/\/prototal.info\/it\/wp-json\/wp\/v2\/users\/5"}],"replies":[{"embeddable":true,"href":"https:\/\/prototal.info\/it\/wp-json\/wp\/v2\/comments?post=11012"}],"version-history":[{"count":2,"href":"https:\/\/prototal.info\/it\/wp-json\/wp\/v2\/posts\/11012\/revisions"}],"predecessor-version":[{"id":11014,"href":"https:\/\/prototal.info\/it\/wp-json\/wp\/v2\/posts\/11012\/revisions\/11014"}],"wp:featuredmedia":[{"embeddable":true,"href":"https:\/\/prototal.info\/it\/wp-json\/wp\/v2\/media\/7866"}],"wp:attachment":[{"href":"https:\/\/prototal.info\/it\/wp-json\/wp\/v2\/media?parent=11012"}],"wp:term":[{"taxonomy":"category","embeddable":true,"href":"https:\/\/prototal.info\/it\/wp-json\/wp\/v2\/categories?post=11012"},{"taxonomy":"post_tag","embeddable":true,"href":"https:\/\/prototal.info\/it\/wp-json\/wp\/v2\/tags?post=11012"}],"curies":[{"name":"wp","href":"https:\/\/api.w.org\/{rel}","templated":true}]}}