{"id":11006,"date":"2025-09-16T10:00:00","date_gmt":"2025-09-16T08:00:00","guid":{"rendered":"https:\/\/prototal.info\/2025\/09\/16\/amt-e-prototal-creano-una-partnership-strategica\/"},"modified":"2026-03-11T21:37:06","modified_gmt":"2026-03-11T20:37:06","slug":"amt-e-prototal-creano-una-partnership-strategica","status":"publish","type":"post","link":"https:\/\/prototal.info\/it\/2025\/09\/16\/amt-e-prototal-creano-una-partnership-strategica\/","title":{"rendered":"AMT e Prototal creano una partnership strategica"},"content":{"rendered":"\n<p>AMT e Prototal Group stringono una partnership strategica per accelerare la post-elaborazione su scala industriale nella stampa 3D<\/p>\n\n<p>Sheffield, Regno Unito e J\u00f6nk\u00f6ping, Svezia &#8211; Additive Manufacturing Technologies (AMT), leader mondiale nella post-elaborazione automatizzata per la stampa 3D industriale, ha stretto una partnership strategica con <a href=\"https:\/\/prototalgroup.com\/\">Prototal Group<\/a>, il pi\u00f9 grande fornitore europeo di stampa 3D industriale, stampaggio a iniezione, colata sotto vuoto e utensili in alluminio.<\/p>\n\n<p>In base a questo accordo, AMT fornir\u00e0 soluzioni di post-elaborazione scalabili e di nuova generazione che eliminano i colli di bottiglia, aumentano l&#8217;efficienza e consentono la produzione su scala industriale negli stabilimenti europei di Prototal. L&#8217;alleanza integra le soluzioni PostPro\u00ae di AMT, completamente automatizzate, nei flussi di lavoro end-to-end di Prototal per la produzione additiva, eliminando i passaggi manuali e garantendo la coerenza su scala. I sistemi di lisciatura e depowdering del vapore di AMT sono gi\u00e0 operativi presso gli stabilimenti di Prototal in Austria, Danimarca, Italia, Regno Unito e Svezia e sono previste ulteriori implementazioni.  <\/p>\n\n<blockquote class=\"wp-block-quote is-layout-flow wp-block-quote-is-layout-flow\">\n<p><strong>&#8220;La<em>nostra visione comune con Prototal \u00e8 semplice: promuovere l&#8217;industrializzazione, la ripetibilit\u00e0 e la scalabilit\u00e0 della produzione additiva&#8221;, ha <\/em>dichiarato Giorgio Ioannides, responsabile delle vendite di AMT.<em> &#8220;Combinando la nostra post-elaborazione avanzata con le vaste capacit\u00e0 di Prototal nel campo dell&#8217;AM, stiamo offrendo una qualit\u00e0, un&#8217;uniformit\u00e0 e un&#8217;efficienza senza pari, riducendo al contempo i costi per consentire un&#8217;adozione pi\u00f9 ampia del settore<\/em>&#8220;.<\/strong><\/p>\n<\/blockquote>\n\n<p>Prototal \u00e8 uno dei principali beta tester della tecnologia AMT ed entrambe le aziende condividono attivamente le conoscenze per perfezionare i processi e sviluppare soluzioni di nuova generazione. Sono gi\u00e0 in atto piani per estendere la collaborazione al di l\u00e0 della levigatura del vapore e a nuove tecnologie di post-elaborazione. <\/p>\n\n<blockquote class=\"wp-block-quote is-layout-flow wp-block-quote-is-layout-flow\">\n<p><strong>&#8220;Questa partnership segna un passo importante nel rafforzamento del nostro ecosistema di soluzioni produttive di livello mondiale. Grazie alla collaborazione con AMT, possiamo offrire ai nostri clienti una flessibilit\u00e0, una velocit\u00e0 e un&#8217;affidabilit\u00e0 ancora maggiori nella scalata della produzione&#8221;, ha dichiarato Ronnie Petersson, Chief Commercial Officer di Prototal Group. <\/strong><\/p>\n<\/blockquote>\n\n<p>Mentre la produzione additiva passa dalla prototipazione alla vera e propria produzione in serie, questa partnership mira a rimuovere le ultime barriere alla scala. Insieme, AMT e Prototal si impegnano a stabilire nuovi standard di efficienza, finitura superficiale e produttivit\u00e0 nella stampa 3D industriale. <\/p>\n\n<p><\/p>\n","protected":false},"excerpt":{"rendered":"<p>AMT e Prototal Group stringono una partnership strategica per accelerare la post-elaborazione su scala industriale nella stampa 3D Sheffield, Regno Unito e J\u00f6nk\u00f6ping, Svezia &#8211; Additive Manufacturing Technologies (AMT), leader mondiale nella post-elaborazione automatizzata per la stampa 3D industriale, ha stretto una partnership strategica con Prototal Group, il pi\u00f9 grande fornitore europeo di stampa 3D [&hellip;]<\/p>\n","protected":false},"author":5,"featured_media":3611,"comment_status":"closed","ping_status":"open","sticky":false,"template":"","format":"standard","meta":{"_acf_changed":false,"inline_featured_image":false,"footnotes":""},"categories":[165],"tags":[],"class_list":["post-11006","post","type-post","status-publish","format-standard","has-post-thumbnail","hentry","category-commerciale"],"acf":[],"yoast_head":"<!-- This site is optimized with the Yoast SEO plugin v27.5 - https:\/\/yoast.com\/product\/yoast-seo-wordpress\/ -->\n<title>AMT e Prototal creano una partnership strategica | Prototal<\/title>\n<meta name=\"robots\" content=\"index, follow, max-snippet:-1, max-image-preview:large, max-video-preview:-1\" \/>\n<link rel=\"canonical\" href=\"https:\/\/prototal.info\/it\/2025\/09\/16\/amt-e-prototal-creano-una-partnership-strategica\/\" \/>\n<meta property=\"og:locale\" content=\"it_IT\" \/>\n<meta property=\"og:type\" content=\"article\" \/>\n<meta property=\"og:title\" content=\"AMT e Prototal creano una partnership strategica | Prototal\" \/>\n<meta property=\"og:description\" content=\"AMT e Prototal Group stringono una partnership strategica per accelerare la post-elaborazione su scala industriale nella stampa 3D Sheffield, Regno Unito e J\u00f6nk\u00f6ping, Svezia &#8211; Additive Manufacturing Technologies (AMT), leader mondiale nella post-elaborazione automatizzata per la stampa 3D industriale, ha stretto una partnership strategica con Prototal Group, il pi\u00f9 grande fornitore europeo di stampa 3D [&hellip;]\" \/>\n<meta property=\"og:url\" content=\"https:\/\/prototal.info\/it\/2025\/09\/16\/amt-e-prototal-creano-una-partnership-strategica\/\" \/>\n<meta property=\"og:site_name\" content=\"Prototal\" \/>\n<meta property=\"article:published_time\" content=\"2025-09-16T08:00:00+00:00\" \/>\n<meta property=\"article:modified_time\" content=\"2026-03-11T20:37:06+00:00\" \/>\n<meta name=\"author\" content=\"Phillip Kamp\" \/>\n<meta name=\"twitter:card\" content=\"summary_large_image\" \/>\n<meta name=\"twitter:label1\" content=\"Written by\" \/>\n\t<meta name=\"twitter:data1\" content=\"Phillip Kamp\" \/>\n\t<meta name=\"twitter:label2\" content=\"Est. reading time\" \/>\n\t<meta name=\"twitter:data2\" content=\"2 minutes\" \/>\n<script type=\"application\/ld+json\" class=\"yoast-schema-graph\">{\n\t    \"@context\": \"https:\\\/\\\/schema.org\",\n\t    \"@graph\": [\n\t        {\n\t            \"@type\": \"Article\",\n\t            \"@id\": \"https:\\\/\\\/prototal.info\\\/it\\\/2025\\\/09\\\/16\\\/amt-e-prototal-creano-una-partnership-strategica\\\/#article\",\n\t            \"isPartOf\": {\n\t                \"@id\": \"https:\\\/\\\/prototal.info\\\/it\\\/2025\\\/09\\\/16\\\/amt-e-prototal-creano-una-partnership-strategica\\\/\"\n\t            },\n\t            \"author\": {\n\t                \"name\": \"Phillip Kamp\",\n\t                \"@id\": \"https:\\\/\\\/prototal.info\\\/it\\\/#\\\/schema\\\/person\\\/8905af261041a8b6c271ff02618d2a42\"\n\t            },\n\t            \"headline\": \"AMT e Prototal creano una partnership strategica\",\n\t            \"datePublished\": \"2025-09-16T08:00:00+00:00\",\n\t            \"dateModified\": \"2026-03-11T20:37:06+00:00\",\n\t            \"mainEntityOfPage\": {\n\t                \"@id\": \"https:\\\/\\\/prototal.info\\\/it\\\/2025\\\/09\\\/16\\\/amt-e-prototal-creano-una-partnership-strategica\\\/\"\n\t            },\n\t            \"wordCount\": 381,\n\t            \"publisher\": {\n\t                \"@id\": \"https:\\\/\\\/prototal.info\\\/it\\\/#organization\"\n\t            },\n\t            \"image\": {\n\t                \"@id\": \"https:\\\/\\\/prototal.info\\\/it\\\/2025\\\/09\\\/16\\\/amt-e-prototal-creano-una-partnership-strategica\\\/#primaryimage\"\n\t            },\n\t            \"thumbnailUrl\": \"https:\\\/\\\/prototal.info\\\/app\\\/uploads\\\/2025\\\/12\\\/vapor-smooth-sls.avif\",\n\t            \"articleSection\": [\n\t                \"Commerciale\"\n\t            ],\n\t            \"inLanguage\": \"it-IT\"\n\t        },\n\t        {\n\t            \"@type\": \"WebPage\",\n\t            \"@id\": \"https:\\\/\\\/prototal.info\\\/it\\\/2025\\\/09\\\/16\\\/amt-e-prototal-creano-una-partnership-strategica\\\/\",\n\t            \"url\": \"https:\\\/\\\/prototal.info\\\/it\\\/2025\\\/09\\\/16\\\/amt-e-prototal-creano-una-partnership-strategica\\\/\",\n\t            \"name\": \"AMT e Prototal creano una partnership strategica | Prototal\",\n\t            \"isPartOf\": {\n\t                \"@id\": \"https:\\\/\\\/prototal.info\\\/it\\\/#website\"\n\t            },\n\t            \"primaryImageOfPage\": {\n\t                \"@id\": \"https:\\\/\\\/prototal.info\\\/it\\\/2025\\\/09\\\/16\\\/amt-e-prototal-creano-una-partnership-strategica\\\/#primaryimage\"\n\t            },\n\t            \"image\": {\n\t                \"@id\": \"https:\\\/\\\/prototal.info\\\/it\\\/2025\\\/09\\\/16\\\/amt-e-prototal-creano-una-partnership-strategica\\\/#primaryimage\"\n\t            },\n\t            \"thumbnailUrl\": \"https:\\\/\\\/prototal.info\\\/app\\\/uploads\\\/2025\\\/12\\\/vapor-smooth-sls.avif\",\n\t            \"datePublished\": \"2025-09-16T08:00:00+00:00\",\n\t            \"dateModified\": \"2026-03-11T20:37:06+00:00\",\n\t            \"breadcrumb\": {\n\t                \"@id\": \"https:\\\/\\\/prototal.info\\\/it\\\/2025\\\/09\\\/16\\\/amt-e-prototal-creano-una-partnership-strategica\\\/#breadcrumb\"\n\t            },\n\t            \"inLanguage\": \"it-IT\",\n\t            \"potentialAction\": [\n\t                {\n\t                    \"@type\": \"ReadAction\",\n\t                    \"target\": [\n\t                        \"https:\\\/\\\/prototal.info\\\/it\\\/2025\\\/09\\\/16\\\/amt-e-prototal-creano-una-partnership-strategica\\\/\"\n\t                    ]\n\t                }\n\t            ]\n\t        },\n\t        {\n\t            \"@type\": \"ImageObject\",\n\t            \"inLanguage\": \"it-IT\",\n\t            \"@id\": \"https:\\\/\\\/prototal.info\\\/it\\\/2025\\\/09\\\/16\\\/amt-e-prototal-creano-una-partnership-strategica\\\/#primaryimage\",\n\t            \"url\": \"https:\\\/\\\/prototal.info\\\/app\\\/uploads\\\/2025\\\/12\\\/vapor-smooth-sls.avif\",\n\t            \"contentUrl\": \"https:\\\/\\\/prototal.info\\\/app\\\/uploads\\\/2025\\\/12\\\/vapor-smooth-sls.avif\",\n\t            \"width\": 1600,\n\t            \"height\": 1200\n\t        },\n\t        {\n\t            \"@type\": \"BreadcrumbList\",\n\t            \"@id\": \"https:\\\/\\\/prototal.info\\\/it\\\/2025\\\/09\\\/16\\\/amt-e-prototal-creano-una-partnership-strategica\\\/#breadcrumb\",\n\t            \"itemListElement\": [\n\t                {\n\t                    \"@type\": \"ListItem\",\n\t                    \"position\": 1,\n\t                    \"name\": \"Home\",\n\t                    \"item\": \"https:\\\/\\\/prototal.info\\\/it\\\/\"\n\t                },\n\t                {\n\t                    \"@type\": \"ListItem\",\n\t                    \"position\": 2,\n\t                    \"name\": \"AMT e Prototal creano una partnership strategica\"\n\t                }\n\t            ]\n\t        },\n\t        {\n\t            \"@type\": \"WebSite\",\n\t            \"@id\": \"https:\\\/\\\/prototal.info\\\/it\\\/#website\",\n\t            \"url\": \"https:\\\/\\\/prototal.info\\\/it\\\/\",\n\t            \"name\": \"Prototal\",\n\t            \"description\": \"From one to one million\",\n\t            \"publisher\": {\n\t                \"@id\": \"https:\\\/\\\/prototal.info\\\/it\\\/#organization\"\n\t            },\n\t            \"potentialAction\": [\n\t                {\n\t                    \"@type\": \"SearchAction\",\n\t                    \"target\": {\n\t                        \"@type\": \"EntryPoint\",\n\t                        \"urlTemplate\": \"https:\\\/\\\/prototal.info\\\/it\\\/?s={search_term_string}\"\n\t                    },\n\t                    \"query-input\": {\n\t                        \"@type\": \"PropertyValueSpecification\",\n\t                        \"valueRequired\": true,\n\t                        \"valueName\": \"search_term_string\"\n\t                    }\n\t                }\n\t            ],\n\t            \"inLanguage\": \"it-IT\"\n\t        },\n\t        {\n\t            \"@type\": \"Organization\",\n\t            \"@id\": \"https:\\\/\\\/prototal.info\\\/it\\\/#organization\",\n\t            \"name\": \"Prototal\",\n\t            \"url\": \"https:\\\/\\\/prototal.info\\\/it\\\/\",\n\t            \"logo\": {\n\t                \"@type\": \"ImageObject\",\n\t                \"inLanguage\": \"it-IT\",\n\t                \"@id\": \"https:\\\/\\\/prototal.info\\\/it\\\/#\\\/schema\\\/logo\\\/image\\\/\",\n\t                \"url\": \"https:\\\/\\\/prototal.info\\\/app\\\/uploads\\\/2026\\\/03\\\/yoast-seo-default-logo.avif\",\n\t                \"contentUrl\": \"https:\\\/\\\/prototal.info\\\/app\\\/uploads\\\/2026\\\/03\\\/yoast-seo-default-logo.avif\",\n\t                \"width\": 696,\n\t                \"height\": 696,\n\t                \"caption\": \"Prototal\"\n\t            },\n\t            \"image\": {\n\t                \"@id\": \"https:\\\/\\\/prototal.info\\\/it\\\/#\\\/schema\\\/logo\\\/image\\\/\"\n\t            }\n\t        },\n\t        {\n\t            \"@type\": \"Person\",\n\t            \"@id\": \"https:\\\/\\\/prototal.info\\\/it\\\/#\\\/schema\\\/person\\\/8905af261041a8b6c271ff02618d2a42\",\n\t            \"name\": \"Phillip Kamp\",\n\t            \"image\": {\n\t                \"@type\": \"ImageObject\",\n\t                \"inLanguage\": \"it-IT\",\n\t                \"@id\": \"https:\\\/\\\/secure.gravatar.com\\\/avatar\\\/360033c1356ca7020aaa3080b437c690426978678b96d15fe35a40b3dd566bfc?s=96&d=mm&r=g\",\n\t                \"url\": \"https:\\\/\\\/secure.gravatar.com\\\/avatar\\\/360033c1356ca7020aaa3080b437c690426978678b96d15fe35a40b3dd566bfc?s=96&d=mm&r=g\",\n\t                \"contentUrl\": \"https:\\\/\\\/secure.gravatar.com\\\/avatar\\\/360033c1356ca7020aaa3080b437c690426978678b96d15fe35a40b3dd566bfc?s=96&d=mm&r=g\",\n\t                \"caption\": \"Phillip Kamp\"\n\t            }\n\t        }\n\t    ]\n\t}<\/script>\n<!-- \/ Yoast SEO plugin. -->","yoast_head_json":{"title":"AMT e Prototal creano una partnership strategica | Prototal","robots":{"index":"index","follow":"follow","max-snippet":"max-snippet:-1","max-image-preview":"max-image-preview:large","max-video-preview":"max-video-preview:-1"},"canonical":"https:\/\/prototal.info\/it\/2025\/09\/16\/amt-e-prototal-creano-una-partnership-strategica\/","og_locale":"it_IT","og_type":"article","og_title":"AMT e Prototal creano una partnership strategica | Prototal","og_description":"AMT e Prototal Group stringono una partnership strategica per accelerare la post-elaborazione su scala industriale nella stampa 3D Sheffield, Regno Unito e J\u00f6nk\u00f6ping, Svezia &#8211; Additive Manufacturing Technologies (AMT), leader mondiale nella post-elaborazione automatizzata per la stampa 3D industriale, ha stretto una partnership strategica con Prototal Group, il pi\u00f9 grande fornitore europeo di stampa 3D [&hellip;]","og_url":"https:\/\/prototal.info\/it\/2025\/09\/16\/amt-e-prototal-creano-una-partnership-strategica\/","og_site_name":"Prototal","article_published_time":"2025-09-16T08:00:00+00:00","article_modified_time":"2026-03-11T20:37:06+00:00","author":"Phillip Kamp","twitter_card":"summary_large_image","twitter_misc":{"Written by":"Phillip Kamp","Est. reading time":"2 minutes"},"schema":{"@context":"https:\/\/schema.org","@graph":[{"@type":"Article","@id":"https:\/\/prototal.info\/it\/2025\/09\/16\/amt-e-prototal-creano-una-partnership-strategica\/#article","isPartOf":{"@id":"https:\/\/prototal.info\/it\/2025\/09\/16\/amt-e-prototal-creano-una-partnership-strategica\/"},"author":{"name":"Phillip Kamp","@id":"https:\/\/prototal.info\/it\/#\/schema\/person\/8905af261041a8b6c271ff02618d2a42"},"headline":"AMT e Prototal creano una partnership strategica","datePublished":"2025-09-16T08:00:00+00:00","dateModified":"2026-03-11T20:37:06+00:00","mainEntityOfPage":{"@id":"https:\/\/prototal.info\/it\/2025\/09\/16\/amt-e-prototal-creano-una-partnership-strategica\/"},"wordCount":381,"publisher":{"@id":"https:\/\/prototal.info\/it\/#organization"},"image":{"@id":"https:\/\/prototal.info\/it\/2025\/09\/16\/amt-e-prototal-creano-una-partnership-strategica\/#primaryimage"},"thumbnailUrl":"https:\/\/prototal.info\/app\/uploads\/2025\/12\/vapor-smooth-sls.avif","articleSection":["Commerciale"],"inLanguage":"it-IT"},{"@type":"WebPage","@id":"https:\/\/prototal.info\/it\/2025\/09\/16\/amt-e-prototal-creano-una-partnership-strategica\/","url":"https:\/\/prototal.info\/it\/2025\/09\/16\/amt-e-prototal-creano-una-partnership-strategica\/","name":"AMT e Prototal creano una partnership strategica | Prototal","isPartOf":{"@id":"https:\/\/prototal.info\/it\/#website"},"primaryImageOfPage":{"@id":"https:\/\/prototal.info\/it\/2025\/09\/16\/amt-e-prototal-creano-una-partnership-strategica\/#primaryimage"},"image":{"@id":"https:\/\/prototal.info\/it\/2025\/09\/16\/amt-e-prototal-creano-una-partnership-strategica\/#primaryimage"},"thumbnailUrl":"https:\/\/prototal.info\/app\/uploads\/2025\/12\/vapor-smooth-sls.avif","datePublished":"2025-09-16T08:00:00+00:00","dateModified":"2026-03-11T20:37:06+00:00","breadcrumb":{"@id":"https:\/\/prototal.info\/it\/2025\/09\/16\/amt-e-prototal-creano-una-partnership-strategica\/#breadcrumb"},"inLanguage":"it-IT","potentialAction":[{"@type":"ReadAction","target":["https:\/\/prototal.info\/it\/2025\/09\/16\/amt-e-prototal-creano-una-partnership-strategica\/"]}]},{"@type":"ImageObject","inLanguage":"it-IT","@id":"https:\/\/prototal.info\/it\/2025\/09\/16\/amt-e-prototal-creano-una-partnership-strategica\/#primaryimage","url":"https:\/\/prototal.info\/app\/uploads\/2025\/12\/vapor-smooth-sls.avif","contentUrl":"https:\/\/prototal.info\/app\/uploads\/2025\/12\/vapor-smooth-sls.avif","width":1600,"height":1200},{"@type":"BreadcrumbList","@id":"https:\/\/prototal.info\/it\/2025\/09\/16\/amt-e-prototal-creano-una-partnership-strategica\/#breadcrumb","itemListElement":[{"@type":"ListItem","position":1,"name":"Home","item":"https:\/\/prototal.info\/it\/"},{"@type":"ListItem","position":2,"name":"AMT e Prototal creano una partnership strategica"}]},{"@type":"WebSite","@id":"https:\/\/prototal.info\/it\/#website","url":"https:\/\/prototal.info\/it\/","name":"Prototal","description":"From one to one million","publisher":{"@id":"https:\/\/prototal.info\/it\/#organization"},"potentialAction":[{"@type":"SearchAction","target":{"@type":"EntryPoint","urlTemplate":"https:\/\/prototal.info\/it\/?s={search_term_string}"},"query-input":{"@type":"PropertyValueSpecification","valueRequired":true,"valueName":"search_term_string"}}],"inLanguage":"it-IT"},{"@type":"Organization","@id":"https:\/\/prototal.info\/it\/#organization","name":"Prototal","url":"https:\/\/prototal.info\/it\/","logo":{"@type":"ImageObject","inLanguage":"it-IT","@id":"https:\/\/prototal.info\/it\/#\/schema\/logo\/image\/","url":"https:\/\/prototal.info\/app\/uploads\/2026\/03\/yoast-seo-default-logo.avif","contentUrl":"https:\/\/prototal.info\/app\/uploads\/2026\/03\/yoast-seo-default-logo.avif","width":696,"height":696,"caption":"Prototal"},"image":{"@id":"https:\/\/prototal.info\/it\/#\/schema\/logo\/image\/"}},{"@type":"Person","@id":"https:\/\/prototal.info\/it\/#\/schema\/person\/8905af261041a8b6c271ff02618d2a42","name":"Phillip Kamp","image":{"@type":"ImageObject","inLanguage":"it-IT","@id":"https:\/\/secure.gravatar.com\/avatar\/360033c1356ca7020aaa3080b437c690426978678b96d15fe35a40b3dd566bfc?s=96&d=mm&r=g","url":"https:\/\/secure.gravatar.com\/avatar\/360033c1356ca7020aaa3080b437c690426978678b96d15fe35a40b3dd566bfc?s=96&d=mm&r=g","contentUrl":"https:\/\/secure.gravatar.com\/avatar\/360033c1356ca7020aaa3080b437c690426978678b96d15fe35a40b3dd566bfc?s=96&d=mm&r=g","caption":"Phillip Kamp"}}]}},"_links":{"self":[{"href":"https:\/\/prototal.info\/it\/wp-json\/wp\/v2\/posts\/11006","targetHints":{"allow":["GET"]}}],"collection":[{"href":"https:\/\/prototal.info\/it\/wp-json\/wp\/v2\/posts"}],"about":[{"href":"https:\/\/prototal.info\/it\/wp-json\/wp\/v2\/types\/post"}],"author":[{"embeddable":true,"href":"https:\/\/prototal.info\/it\/wp-json\/wp\/v2\/users\/5"}],"replies":[{"embeddable":true,"href":"https:\/\/prototal.info\/it\/wp-json\/wp\/v2\/comments?post=11006"}],"version-history":[{"count":2,"href":"https:\/\/prototal.info\/it\/wp-json\/wp\/v2\/posts\/11006\/revisions"}],"predecessor-version":[{"id":11008,"href":"https:\/\/prototal.info\/it\/wp-json\/wp\/v2\/posts\/11006\/revisions\/11008"}],"wp:featuredmedia":[{"embeddable":true,"href":"https:\/\/prototal.info\/it\/wp-json\/wp\/v2\/media\/3611"}],"wp:attachment":[{"href":"https:\/\/prototal.info\/it\/wp-json\/wp\/v2\/media?parent=11006"}],"wp:term":[{"taxonomy":"category","embeddable":true,"href":"https:\/\/prototal.info\/it\/wp-json\/wp\/v2\/categories?post=11006"},{"taxonomy":"post_tag","embeddable":true,"href":"https:\/\/prototal.info\/it\/wp-json\/wp\/v2\/tags?post=11006"}],"curies":[{"name":"wp","href":"https:\/\/api.w.org\/{rel}","templated":true}]}}