{"id":11000,"date":"2026-01-05T10:00:00","date_gmt":"2026-01-05T09:00:00","guid":{"rendered":"https:\/\/prototal.info\/2026\/01\/05\/prototal-unifica-la-presenza-digitale-passaggio-a-una-pagina-linkedin-globale\/"},"modified":"2026-03-11T21:36:56","modified_gmt":"2026-03-11T20:36:56","slug":"prototal-unifica-la-presenza-digitale-passaggio-a-una-pagina-linkedin-globale","status":"publish","type":"post","link":"https:\/\/prototal.info\/it\/2026\/01\/05\/prototal-unifica-la-presenza-digitale-passaggio-a-una-pagina-linkedin-globale\/","title":{"rendered":"Prototal unifica la presenza digitale: Passaggio a una pagina LinkedIn globale"},"content":{"rendered":"\n<p>Prototal ha annunciato oggi un&#8217;evoluzione strategica delle sue comunicazioni digitali, passando a consolidare le varie presenze locali su LinkedIn in un&#8217;unica pagina globale unificata.<\/p>\n\n<p>Questa transizione \u00e8 stata pensata per fornire un&#8217;esperienza pi\u00f9 coesa a clienti e partner, assicurando che le competenze specialistiche di Prototal &#8211; dalla produzione additiva avanzata allo stampaggio a iniezione di alta precisione &#8211; siano accessibili attraverso un unico canale di grande autorevolezza. Unificando queste voci, l&#8217;azienda pu\u00f2 mostrare meglio le sue capacit\u00e0 transfrontaliere e il suo impegno nel supportare settori critici come quello della difesa e dell&#8217;aerospazio. <\/p>\n\n<h3 class=\"wp-block-heading\">Una nuova era di coinvolgimento digitale<\/h3>\n\n<p>Nell&#8217;ambito di questo consolidamento, Prototal \u00e8 lieta di presentare Jessica come nuovo Social Media Manager del Gruppo Prototal. Jessica sar\u00e0 responsabile della gestione della narrativa digitale del marchio e garantir\u00e0 un flusso di informazioni coerente e di grande impatto in tutti i mercati europei. <\/p>\n\n<blockquote class=\"wp-block-quote is-layout-flow wp-block-quote-is-layout-flow\">\n<p><strong>&#8220;Consolidare la nostra presenza sui social media ci permette di parlare con una sola voce e di mostrare l&#8217;intera gamma delle nostre soluzioni tecniche sotto il marchio Prototal&#8221;, afferma Ronnie Petersson, Chief Commercial Officer. &#8220;Con l&#8217;ingresso di Jessica nel team per guidare questa strategia, ci stiamo muovendo verso un dialogo pi\u00f9 sofisticato e globale con i nostri interlocutori&#8221;. <\/strong><\/p>\n<\/blockquote>\n\n<h3 class=\"wp-block-heading\">Cosa significa per i follower<\/h3>\n\n<p>A partire dal 5 gennaio 2026, le pagine LinkedIn locali di Prototal Svezia, Prototal Regno Unito e altre entit\u00e0 regionali cesseranno di essere aggiornate regolarmente. Tutti i follower, i clienti e i partner del settore sono invitati a migrare alla pagina LinkedIn ufficiale di Prototal per rimanere informati su: <\/p>\n\n<ul class=\"wp-block-list\">\n<li>Aggiornamenti strategici sui settori dell&#8217;aerospazio, della difesa e delle tecnologie mediche.<\/li>\n\n\n\n<li>I progressi della manifattura additiva e le iniziative di economia circolare.<\/li>\n\n\n\n<li>Innovazioni a livello di gruppo e collaborazioni tra mercati.<\/li>\n<\/ul>\n\n<blockquote class=\"wp-block-quote is-layout-flow wp-block-quote-is-layout-flow\">\n<p><strong>&#8220;<em>Sono entusiasta di entrare a far parte di Prototal in un momento cos\u00ec importante&#8221;,<\/em> afferma Jessica. <em>&#8220;Il nostro obiettivo \u00e8 costruire una comunit\u00e0 digitale che rifletta la precisione e l&#8217;innovazione che portiamo ogni giorno nei nostri progetti di produzione. Non vedo l&#8217;ora di entrare in contatto con il nostro pubblico globale e di condividere le storie che definiscono Prototal&#8221;.<\/em><\/strong><\/p>\n<\/blockquote>\n\n<div class=\"wp-block-buttons is-layout-flex wp-block-buttons-is-layout-flex\">\n<div class=\"wp-block-button\"><a class=\"wp-block-button__link wp-element-button\" href=\"https:\/\/www.linkedin.com\/company\/prototal\/\">Segui il nuovo viaggio qui<\/a><\/div>\n<\/div>\n\n<p><\/p>\n","protected":false},"excerpt":{"rendered":"<p>Prototal ha annunciato oggi un&#8217;evoluzione strategica delle sue comunicazioni digitali, passando a consolidare le varie presenze locali su LinkedIn in un&#8217;unica pagina globale unificata. Questa transizione \u00e8 stata pensata per fornire un&#8217;esperienza pi\u00f9 coesa a clienti e partner, assicurando che le competenze specialistiche di Prototal &#8211; dalla produzione additiva avanzata allo stampaggio a iniezione di [&hellip;]<\/p>\n","protected":false},"author":5,"featured_media":7895,"comment_status":"closed","ping_status":"open","sticky":false,"template":"","format":"standard","meta":{"_acf_changed":false,"inline_featured_image":false,"footnotes":""},"categories":[165],"tags":[],"class_list":["post-11000","post","type-post","status-publish","format-standard","has-post-thumbnail","hentry","category-commerciale"],"acf":[],"yoast_head":"<!-- This site is optimized with the Yoast SEO plugin v27.5 - https:\/\/yoast.com\/product\/yoast-seo-wordpress\/ -->\n<title>Prototal unifica la presenza digitale: Passaggio a una pagina LinkedIn globale | Prototal<\/title>\n<meta name=\"robots\" content=\"index, follow, max-snippet:-1, max-image-preview:large, max-video-preview:-1\" \/>\n<link rel=\"canonical\" href=\"https:\/\/prototal.info\/it\/2026\/01\/05\/prototal-unifica-la-presenza-digitale-passaggio-a-una-pagina-linkedin-globale\/\" \/>\n<meta property=\"og:locale\" content=\"it_IT\" \/>\n<meta property=\"og:type\" content=\"article\" \/>\n<meta property=\"og:title\" content=\"Prototal unifica la presenza digitale: Passaggio a una pagina LinkedIn globale | Prototal\" \/>\n<meta property=\"og:description\" content=\"Prototal ha annunciato oggi un&#8217;evoluzione strategica delle sue comunicazioni digitali, passando a consolidare le varie presenze locali su LinkedIn in un&#8217;unica pagina globale unificata. Questa transizione \u00e8 stata pensata per fornire un&#8217;esperienza pi\u00f9 coesa a clienti e partner, assicurando che le competenze specialistiche di Prototal &#8211; dalla produzione additiva avanzata allo stampaggio a iniezione di [&hellip;]\" \/>\n<meta property=\"og:url\" content=\"https:\/\/prototal.info\/it\/2026\/01\/05\/prototal-unifica-la-presenza-digitale-passaggio-a-una-pagina-linkedin-globale\/\" \/>\n<meta property=\"og:site_name\" content=\"Prototal\" \/>\n<meta property=\"article:published_time\" content=\"2026-01-05T09:00:00+00:00\" \/>\n<meta property=\"article:modified_time\" content=\"2026-03-11T20:36:56+00:00\" \/>\n<meta name=\"author\" content=\"Phillip Kamp\" \/>\n<meta name=\"twitter:card\" content=\"summary_large_image\" \/>\n<meta name=\"twitter:label1\" content=\"Written by\" \/>\n\t<meta name=\"twitter:data1\" content=\"Phillip Kamp\" \/>\n\t<meta name=\"twitter:label2\" content=\"Est. reading time\" \/>\n\t<meta name=\"twitter:data2\" content=\"2 minutes\" \/>\n<script type=\"application\/ld+json\" class=\"yoast-schema-graph\">{\n\t    \"@context\": \"https:\\\/\\\/schema.org\",\n\t    \"@graph\": [\n\t        {\n\t            \"@type\": \"Article\",\n\t            \"@id\": \"https:\\\/\\\/prototal.info\\\/it\\\/2026\\\/01\\\/05\\\/prototal-unifica-la-presenza-digitale-passaggio-a-una-pagina-linkedin-globale\\\/#article\",\n\t            \"isPartOf\": {\n\t                \"@id\": \"https:\\\/\\\/prototal.info\\\/it\\\/2026\\\/01\\\/05\\\/prototal-unifica-la-presenza-digitale-passaggio-a-una-pagina-linkedin-globale\\\/\"\n\t            },\n\t            \"author\": {\n\t                \"name\": \"Phillip Kamp\",\n\t                \"@id\": \"https:\\\/\\\/prototal.info\\\/it\\\/#\\\/schema\\\/person\\\/8905af261041a8b6c271ff02618d2a42\"\n\t            },\n\t            \"headline\": \"Prototal unifica la presenza digitale: Passaggio a una pagina LinkedIn globale\",\n\t            \"datePublished\": \"2026-01-05T09:00:00+00:00\",\n\t            \"dateModified\": \"2026-03-11T20:36:56+00:00\",\n\t            \"mainEntityOfPage\": {\n\t                \"@id\": \"https:\\\/\\\/prototal.info\\\/it\\\/2026\\\/01\\\/05\\\/prototal-unifica-la-presenza-digitale-passaggio-a-una-pagina-linkedin-globale\\\/\"\n\t            },\n\t            \"wordCount\": 366,\n\t            \"publisher\": {\n\t                \"@id\": \"https:\\\/\\\/prototal.info\\\/it\\\/#organization\"\n\t            },\n\t            \"image\": {\n\t                \"@id\": \"https:\\\/\\\/prototal.info\\\/it\\\/2026\\\/01\\\/05\\\/prototal-unifica-la-presenza-digitale-passaggio-a-una-pagina-linkedin-globale\\\/#primaryimage\"\n\t            },\n\t            \"thumbnailUrl\": \"https:\\\/\\\/prototal.info\\\/app\\\/uploads\\\/2026\\\/02\\\/linkedin-hero-picture.avif\",\n\t            \"articleSection\": [\n\t                \"Commerciale\"\n\t            ],\n\t            \"inLanguage\": \"it-IT\"\n\t        },\n\t        {\n\t            \"@type\": \"WebPage\",\n\t            \"@id\": \"https:\\\/\\\/prototal.info\\\/it\\\/2026\\\/01\\\/05\\\/prototal-unifica-la-presenza-digitale-passaggio-a-una-pagina-linkedin-globale\\\/\",\n\t            \"url\": \"https:\\\/\\\/prototal.info\\\/it\\\/2026\\\/01\\\/05\\\/prototal-unifica-la-presenza-digitale-passaggio-a-una-pagina-linkedin-globale\\\/\",\n\t            \"name\": \"Prototal unifica la presenza digitale: Passaggio a una pagina LinkedIn globale | Prototal\",\n\t            \"isPartOf\": {\n\t                \"@id\": \"https:\\\/\\\/prototal.info\\\/it\\\/#website\"\n\t            },\n\t            \"primaryImageOfPage\": {\n\t                \"@id\": \"https:\\\/\\\/prototal.info\\\/it\\\/2026\\\/01\\\/05\\\/prototal-unifica-la-presenza-digitale-passaggio-a-una-pagina-linkedin-globale\\\/#primaryimage\"\n\t            },\n\t            \"image\": {\n\t                \"@id\": \"https:\\\/\\\/prototal.info\\\/it\\\/2026\\\/01\\\/05\\\/prototal-unifica-la-presenza-digitale-passaggio-a-una-pagina-linkedin-globale\\\/#primaryimage\"\n\t            },\n\t            \"thumbnailUrl\": \"https:\\\/\\\/prototal.info\\\/app\\\/uploads\\\/2026\\\/02\\\/linkedin-hero-picture.avif\",\n\t            \"datePublished\": \"2026-01-05T09:00:00+00:00\",\n\t            \"dateModified\": \"2026-03-11T20:36:56+00:00\",\n\t            \"breadcrumb\": {\n\t                \"@id\": \"https:\\\/\\\/prototal.info\\\/it\\\/2026\\\/01\\\/05\\\/prototal-unifica-la-presenza-digitale-passaggio-a-una-pagina-linkedin-globale\\\/#breadcrumb\"\n\t            },\n\t            \"inLanguage\": \"it-IT\",\n\t            \"potentialAction\": [\n\t                {\n\t                    \"@type\": \"ReadAction\",\n\t                    \"target\": [\n\t                        \"https:\\\/\\\/prototal.info\\\/it\\\/2026\\\/01\\\/05\\\/prototal-unifica-la-presenza-digitale-passaggio-a-una-pagina-linkedin-globale\\\/\"\n\t                    ]\n\t                }\n\t            ]\n\t        },\n\t        {\n\t            \"@type\": \"ImageObject\",\n\t            \"inLanguage\": \"it-IT\",\n\t            \"@id\": \"https:\\\/\\\/prototal.info\\\/it\\\/2026\\\/01\\\/05\\\/prototal-unifica-la-presenza-digitale-passaggio-a-una-pagina-linkedin-globale\\\/#primaryimage\",\n\t            \"url\": \"https:\\\/\\\/prototal.info\\\/app\\\/uploads\\\/2026\\\/02\\\/linkedin-hero-picture.avif\",\n\t            \"contentUrl\": \"https:\\\/\\\/prototal.info\\\/app\\\/uploads\\\/2026\\\/02\\\/linkedin-hero-picture.avif\",\n\t            \"width\": 1600,\n\t            \"height\": 1200\n\t        },\n\t        {\n\t            \"@type\": \"BreadcrumbList\",\n\t            \"@id\": \"https:\\\/\\\/prototal.info\\\/it\\\/2026\\\/01\\\/05\\\/prototal-unifica-la-presenza-digitale-passaggio-a-una-pagina-linkedin-globale\\\/#breadcrumb\",\n\t            \"itemListElement\": [\n\t                {\n\t                    \"@type\": \"ListItem\",\n\t                    \"position\": 1,\n\t                    \"name\": \"Home\",\n\t                    \"item\": \"https:\\\/\\\/prototal.info\\\/it\\\/\"\n\t                },\n\t                {\n\t                    \"@type\": \"ListItem\",\n\t                    \"position\": 2,\n\t                    \"name\": \"Prototal unifica la presenza digitale: Passaggio a una pagina LinkedIn globale\"\n\t                }\n\t            ]\n\t        },\n\t        {\n\t            \"@type\": \"WebSite\",\n\t            \"@id\": \"https:\\\/\\\/prototal.info\\\/it\\\/#website\",\n\t            \"url\": \"https:\\\/\\\/prototal.info\\\/it\\\/\",\n\t            \"name\": \"Prototal\",\n\t            \"description\": \"From one to one million\",\n\t            \"publisher\": {\n\t                \"@id\": \"https:\\\/\\\/prototal.info\\\/it\\\/#organization\"\n\t            },\n\t            \"potentialAction\": [\n\t                {\n\t                    \"@type\": \"SearchAction\",\n\t                    \"target\": {\n\t                        \"@type\": \"EntryPoint\",\n\t                        \"urlTemplate\": \"https:\\\/\\\/prototal.info\\\/it\\\/?s={search_term_string}\"\n\t                    },\n\t                    \"query-input\": {\n\t                        \"@type\": \"PropertyValueSpecification\",\n\t                        \"valueRequired\": true,\n\t                        \"valueName\": \"search_term_string\"\n\t                    }\n\t                }\n\t            ],\n\t            \"inLanguage\": \"it-IT\"\n\t        },\n\t        {\n\t            \"@type\": \"Organization\",\n\t            \"@id\": \"https:\\\/\\\/prototal.info\\\/it\\\/#organization\",\n\t            \"name\": \"Prototal\",\n\t            \"url\": \"https:\\\/\\\/prototal.info\\\/it\\\/\",\n\t            \"logo\": {\n\t                \"@type\": \"ImageObject\",\n\t                \"inLanguage\": \"it-IT\",\n\t                \"@id\": \"https:\\\/\\\/prototal.info\\\/it\\\/#\\\/schema\\\/logo\\\/image\\\/\",\n\t                \"url\": \"https:\\\/\\\/prototal.info\\\/app\\\/uploads\\\/2026\\\/03\\\/yoast-seo-default-logo.avif\",\n\t                \"contentUrl\": \"https:\\\/\\\/prototal.info\\\/app\\\/uploads\\\/2026\\\/03\\\/yoast-seo-default-logo.avif\",\n\t                \"width\": 696,\n\t                \"height\": 696,\n\t                \"caption\": \"Prototal\"\n\t            },\n\t            \"image\": {\n\t                \"@id\": \"https:\\\/\\\/prototal.info\\\/it\\\/#\\\/schema\\\/logo\\\/image\\\/\"\n\t            }\n\t        },\n\t        {\n\t            \"@type\": \"Person\",\n\t            \"@id\": \"https:\\\/\\\/prototal.info\\\/it\\\/#\\\/schema\\\/person\\\/8905af261041a8b6c271ff02618d2a42\",\n\t            \"name\": \"Phillip Kamp\",\n\t            \"image\": {\n\t                \"@type\": \"ImageObject\",\n\t                \"inLanguage\": \"it-IT\",\n\t                \"@id\": \"https:\\\/\\\/secure.gravatar.com\\\/avatar\\\/360033c1356ca7020aaa3080b437c690426978678b96d15fe35a40b3dd566bfc?s=96&d=mm&r=g\",\n\t                \"url\": \"https:\\\/\\\/secure.gravatar.com\\\/avatar\\\/360033c1356ca7020aaa3080b437c690426978678b96d15fe35a40b3dd566bfc?s=96&d=mm&r=g\",\n\t                \"contentUrl\": \"https:\\\/\\\/secure.gravatar.com\\\/avatar\\\/360033c1356ca7020aaa3080b437c690426978678b96d15fe35a40b3dd566bfc?s=96&d=mm&r=g\",\n\t                \"caption\": \"Phillip Kamp\"\n\t            }\n\t        }\n\t    ]\n\t}<\/script>\n<!-- \/ Yoast SEO plugin. -->","yoast_head_json":{"title":"Prototal unifica la presenza digitale: Passaggio a una pagina LinkedIn globale | Prototal","robots":{"index":"index","follow":"follow","max-snippet":"max-snippet:-1","max-image-preview":"max-image-preview:large","max-video-preview":"max-video-preview:-1"},"canonical":"https:\/\/prototal.info\/it\/2026\/01\/05\/prototal-unifica-la-presenza-digitale-passaggio-a-una-pagina-linkedin-globale\/","og_locale":"it_IT","og_type":"article","og_title":"Prototal unifica la presenza digitale: Passaggio a una pagina LinkedIn globale | Prototal","og_description":"Prototal ha annunciato oggi un&#8217;evoluzione strategica delle sue comunicazioni digitali, passando a consolidare le varie presenze locali su LinkedIn in un&#8217;unica pagina globale unificata. Questa transizione \u00e8 stata pensata per fornire un&#8217;esperienza pi\u00f9 coesa a clienti e partner, assicurando che le competenze specialistiche di Prototal &#8211; dalla produzione additiva avanzata allo stampaggio a iniezione di [&hellip;]","og_url":"https:\/\/prototal.info\/it\/2026\/01\/05\/prototal-unifica-la-presenza-digitale-passaggio-a-una-pagina-linkedin-globale\/","og_site_name":"Prototal","article_published_time":"2026-01-05T09:00:00+00:00","article_modified_time":"2026-03-11T20:36:56+00:00","author":"Phillip Kamp","twitter_card":"summary_large_image","twitter_misc":{"Written by":"Phillip Kamp","Est. reading time":"2 minutes"},"schema":{"@context":"https:\/\/schema.org","@graph":[{"@type":"Article","@id":"https:\/\/prototal.info\/it\/2026\/01\/05\/prototal-unifica-la-presenza-digitale-passaggio-a-una-pagina-linkedin-globale\/#article","isPartOf":{"@id":"https:\/\/prototal.info\/it\/2026\/01\/05\/prototal-unifica-la-presenza-digitale-passaggio-a-una-pagina-linkedin-globale\/"},"author":{"name":"Phillip Kamp","@id":"https:\/\/prototal.info\/it\/#\/schema\/person\/8905af261041a8b6c271ff02618d2a42"},"headline":"Prototal unifica la presenza digitale: Passaggio a una pagina LinkedIn globale","datePublished":"2026-01-05T09:00:00+00:00","dateModified":"2026-03-11T20:36:56+00:00","mainEntityOfPage":{"@id":"https:\/\/prototal.info\/it\/2026\/01\/05\/prototal-unifica-la-presenza-digitale-passaggio-a-una-pagina-linkedin-globale\/"},"wordCount":366,"publisher":{"@id":"https:\/\/prototal.info\/it\/#organization"},"image":{"@id":"https:\/\/prototal.info\/it\/2026\/01\/05\/prototal-unifica-la-presenza-digitale-passaggio-a-una-pagina-linkedin-globale\/#primaryimage"},"thumbnailUrl":"https:\/\/prototal.info\/app\/uploads\/2026\/02\/linkedin-hero-picture.avif","articleSection":["Commerciale"],"inLanguage":"it-IT"},{"@type":"WebPage","@id":"https:\/\/prototal.info\/it\/2026\/01\/05\/prototal-unifica-la-presenza-digitale-passaggio-a-una-pagina-linkedin-globale\/","url":"https:\/\/prototal.info\/it\/2026\/01\/05\/prototal-unifica-la-presenza-digitale-passaggio-a-una-pagina-linkedin-globale\/","name":"Prototal unifica la presenza digitale: Passaggio a una pagina LinkedIn globale | Prototal","isPartOf":{"@id":"https:\/\/prototal.info\/it\/#website"},"primaryImageOfPage":{"@id":"https:\/\/prototal.info\/it\/2026\/01\/05\/prototal-unifica-la-presenza-digitale-passaggio-a-una-pagina-linkedin-globale\/#primaryimage"},"image":{"@id":"https:\/\/prototal.info\/it\/2026\/01\/05\/prototal-unifica-la-presenza-digitale-passaggio-a-una-pagina-linkedin-globale\/#primaryimage"},"thumbnailUrl":"https:\/\/prototal.info\/app\/uploads\/2026\/02\/linkedin-hero-picture.avif","datePublished":"2026-01-05T09:00:00+00:00","dateModified":"2026-03-11T20:36:56+00:00","breadcrumb":{"@id":"https:\/\/prototal.info\/it\/2026\/01\/05\/prototal-unifica-la-presenza-digitale-passaggio-a-una-pagina-linkedin-globale\/#breadcrumb"},"inLanguage":"it-IT","potentialAction":[{"@type":"ReadAction","target":["https:\/\/prototal.info\/it\/2026\/01\/05\/prototal-unifica-la-presenza-digitale-passaggio-a-una-pagina-linkedin-globale\/"]}]},{"@type":"ImageObject","inLanguage":"it-IT","@id":"https:\/\/prototal.info\/it\/2026\/01\/05\/prototal-unifica-la-presenza-digitale-passaggio-a-una-pagina-linkedin-globale\/#primaryimage","url":"https:\/\/prototal.info\/app\/uploads\/2026\/02\/linkedin-hero-picture.avif","contentUrl":"https:\/\/prototal.info\/app\/uploads\/2026\/02\/linkedin-hero-picture.avif","width":1600,"height":1200},{"@type":"BreadcrumbList","@id":"https:\/\/prototal.info\/it\/2026\/01\/05\/prototal-unifica-la-presenza-digitale-passaggio-a-una-pagina-linkedin-globale\/#breadcrumb","itemListElement":[{"@type":"ListItem","position":1,"name":"Home","item":"https:\/\/prototal.info\/it\/"},{"@type":"ListItem","position":2,"name":"Prototal unifica la presenza digitale: Passaggio a una pagina LinkedIn globale"}]},{"@type":"WebSite","@id":"https:\/\/prototal.info\/it\/#website","url":"https:\/\/prototal.info\/it\/","name":"Prototal","description":"From one to one million","publisher":{"@id":"https:\/\/prototal.info\/it\/#organization"},"potentialAction":[{"@type":"SearchAction","target":{"@type":"EntryPoint","urlTemplate":"https:\/\/prototal.info\/it\/?s={search_term_string}"},"query-input":{"@type":"PropertyValueSpecification","valueRequired":true,"valueName":"search_term_string"}}],"inLanguage":"it-IT"},{"@type":"Organization","@id":"https:\/\/prototal.info\/it\/#organization","name":"Prototal","url":"https:\/\/prototal.info\/it\/","logo":{"@type":"ImageObject","inLanguage":"it-IT","@id":"https:\/\/prototal.info\/it\/#\/schema\/logo\/image\/","url":"https:\/\/prototal.info\/app\/uploads\/2026\/03\/yoast-seo-default-logo.avif","contentUrl":"https:\/\/prototal.info\/app\/uploads\/2026\/03\/yoast-seo-default-logo.avif","width":696,"height":696,"caption":"Prototal"},"image":{"@id":"https:\/\/prototal.info\/it\/#\/schema\/logo\/image\/"}},{"@type":"Person","@id":"https:\/\/prototal.info\/it\/#\/schema\/person\/8905af261041a8b6c271ff02618d2a42","name":"Phillip Kamp","image":{"@type":"ImageObject","inLanguage":"it-IT","@id":"https:\/\/secure.gravatar.com\/avatar\/360033c1356ca7020aaa3080b437c690426978678b96d15fe35a40b3dd566bfc?s=96&d=mm&r=g","url":"https:\/\/secure.gravatar.com\/avatar\/360033c1356ca7020aaa3080b437c690426978678b96d15fe35a40b3dd566bfc?s=96&d=mm&r=g","contentUrl":"https:\/\/secure.gravatar.com\/avatar\/360033c1356ca7020aaa3080b437c690426978678b96d15fe35a40b3dd566bfc?s=96&d=mm&r=g","caption":"Phillip Kamp"}}]}},"_links":{"self":[{"href":"https:\/\/prototal.info\/it\/wp-json\/wp\/v2\/posts\/11000","targetHints":{"allow":["GET"]}}],"collection":[{"href":"https:\/\/prototal.info\/it\/wp-json\/wp\/v2\/posts"}],"about":[{"href":"https:\/\/prototal.info\/it\/wp-json\/wp\/v2\/types\/post"}],"author":[{"embeddable":true,"href":"https:\/\/prototal.info\/it\/wp-json\/wp\/v2\/users\/5"}],"replies":[{"embeddable":true,"href":"https:\/\/prototal.info\/it\/wp-json\/wp\/v2\/comments?post=11000"}],"version-history":[{"count":2,"href":"https:\/\/prototal.info\/it\/wp-json\/wp\/v2\/posts\/11000\/revisions"}],"predecessor-version":[{"id":11002,"href":"https:\/\/prototal.info\/it\/wp-json\/wp\/v2\/posts\/11000\/revisions\/11002"}],"wp:featuredmedia":[{"embeddable":true,"href":"https:\/\/prototal.info\/it\/wp-json\/wp\/v2\/media\/7895"}],"wp:attachment":[{"href":"https:\/\/prototal.info\/it\/wp-json\/wp\/v2\/media?parent=11000"}],"wp:term":[{"taxonomy":"category","embeddable":true,"href":"https:\/\/prototal.info\/it\/wp-json\/wp\/v2\/categories?post=11000"},{"taxonomy":"post_tag","embeddable":true,"href":"https:\/\/prototal.info\/it\/wp-json\/wp\/v2\/tags?post=11000"}],"curies":[{"name":"wp","href":"https:\/\/api.w.org\/{rel}","templated":true}]}}