{"id":10997,"date":"2026-01-13T10:00:00","date_gmt":"2026-01-13T09:00:00","guid":{"rendered":"https:\/\/prototal.info\/2026\/01\/13\/nuovo-direttore-vendite-globale-per-il-settore-della-mobilita\/"},"modified":"2026-03-11T21:36:45","modified_gmt":"2026-03-11T20:36:45","slug":"nuovo-direttore-vendite-globale-per-il-settore-della-mobilita","status":"publish","type":"post","link":"https:\/\/prototal.info\/it\/2026\/01\/13\/nuovo-direttore-vendite-globale-per-il-settore-della-mobilita\/","title":{"rendered":"Nuovo direttore vendite globale per il settore della mobilit\u00e0"},"content":{"rendered":"\n<p><strong>Il Gruppo Prototal continua ad affinare la sua strategia commerciale focalizzata sul settore con una nuova nomina a leader nell&#8217;industria della mobilit\u00e0, portando avanti il suo impegno nella produzione in serie della stampa 3D industriale.<\/strong><\/p>\n\n<p>Sulla base dell&#8217;espansione strategica delle capacit\u00e0 di vendita globali, Prototal Group sta compiendo il prossimo passo nel suo percorso di crescita rafforzando la sua leadership commerciale specifica per il settore. Dopo aver creato con successo una struttura globale per il settore aerospaziale e della difesa, l&#8217;azienda sta ora rafforzando la sua posizione nel settore della mobilit\u00e0. <\/p>\n\n<p><em>Siamo lieti di annunciare che Noemi Rossi \u00e8 stata nominata Global Sales Director &#8211; Mobility, a partire da gennaio 2026.<\/em>  Nel suo nuovo ruolo, Noemi si occuper\u00e0 di stabilire le priorit\u00e0, guidare e definire la direzione commerciale della mobilit\u00e0 in tutto il Gruppo Prototal, lavorando a stretto contatto con i team locali per guidare lo sviluppo del business e le relazioni con i clienti in questo settore strategico.<\/p>\n\n<p>Nell&#8217;ambito di questo riallineamento strategico, Vanna Menco, CEO di Prototal Prosilas,<strong> <\/strong>assumer\u00e0 la responsabilit\u00e0 della leadership delle vendite in Italia parallelamente al suo ruolo di CEO, lavorando in stretto coordinamento con la leadership del settore della mobilit\u00e0 per garantire un&#8217;esecuzione commerciale perfetta.<\/p>\n\n<blockquote class=\"wp-block-quote is-layout-flow wp-block-quote-is-layout-flow\">\n<p><strong><em>&#8220;Questi cambiamenti sono stati pensati per garantire una chiara responsabilit\u00e0, una maggiore attenzione al settore e un&#8217;efficace esecuzione commerciale nei nostri mercati prioritari. La profonda conoscenza di Noemi del settore della mobilit\u00e0 e la sua comprovata esperienza la rendono il leader ideale per guidare le nostre ambizioni globali in questo segmento&#8221;,<\/em> afferma Ronnie Petersson, Chief Commercial Officer di Prototal Group<\/strong>.<\/p>\n<\/blockquote>\n\n<p>Con quest&#8217;ultima nomina, Prototal Group continua a costruire un&#8217;organizzazione commerciale solida e orientata al settore, in grado di fornire soluzioni su misura e di promuovere opportunit\u00e0 di produzione in serie nella produzione additiva, dove precisione, affidabilit\u00e0 e innovazione sono fondamentali.<\/p>\n\n<p><strong>Informazioni di contatto:<\/strong><br\/>Noemi Rossi<br\/>Global Sales Director for Mobility<br\/>+39 347 72 50 736<br\/>noemi.rossi@prototalgroup.com<\/p>\n","protected":false},"excerpt":{"rendered":"<p>Il Gruppo Prototal continua ad affinare la sua strategia commerciale focalizzata sul settore con una nuova nomina a leader nell&#8217;industria della mobilit\u00e0, portando avanti il suo impegno nella produzione in serie della stampa 3D industriale. Sulla base dell&#8217;espansione strategica delle capacit\u00e0 di vendita globali, Prototal Group sta compiendo il prossimo passo nel suo percorso di [&hellip;]<\/p>\n","protected":false},"author":5,"featured_media":7680,"comment_status":"closed","ping_status":"open","sticky":false,"template":"","format":"standard","meta":{"_acf_changed":false,"inline_featured_image":false,"footnotes":""},"categories":[165],"tags":[],"class_list":["post-10997","post","type-post","status-publish","format-standard","has-post-thumbnail","hentry","category-commerciale"],"acf":[],"yoast_head":"<!-- This site is optimized with the Yoast SEO plugin v27.5 - https:\/\/yoast.com\/product\/yoast-seo-wordpress\/ -->\n<title>Nuovo direttore vendite globale per il settore della mobilit\u00e0 | Prototal<\/title>\n<meta name=\"robots\" content=\"index, follow, max-snippet:-1, max-image-preview:large, max-video-preview:-1\" \/>\n<link rel=\"canonical\" href=\"https:\/\/prototal.info\/it\/2026\/01\/13\/nuovo-direttore-vendite-globale-per-il-settore-della-mobilita\/\" \/>\n<meta property=\"og:locale\" content=\"it_IT\" \/>\n<meta property=\"og:type\" content=\"article\" \/>\n<meta property=\"og:title\" content=\"Nuovo direttore vendite globale per il settore della mobilit\u00e0 | Prototal\" \/>\n<meta property=\"og:description\" content=\"Il Gruppo Prototal continua ad affinare la sua strategia commerciale focalizzata sul settore con una nuova nomina a leader nell&#8217;industria della mobilit\u00e0, portando avanti il suo impegno nella produzione in serie della stampa 3D industriale. Sulla base dell&#8217;espansione strategica delle capacit\u00e0 di vendita globali, Prototal Group sta compiendo il prossimo passo nel suo percorso di [&hellip;]\" \/>\n<meta property=\"og:url\" content=\"https:\/\/prototal.info\/it\/2026\/01\/13\/nuovo-direttore-vendite-globale-per-il-settore-della-mobilita\/\" \/>\n<meta property=\"og:site_name\" content=\"Prototal\" \/>\n<meta property=\"article:published_time\" content=\"2026-01-13T09:00:00+00:00\" \/>\n<meta property=\"article:modified_time\" content=\"2026-03-11T20:36:45+00:00\" \/>\n<meta name=\"author\" content=\"Phillip Kamp\" \/>\n<meta name=\"twitter:card\" content=\"summary_large_image\" \/>\n<meta name=\"twitter:label1\" content=\"Written by\" \/>\n\t<meta name=\"twitter:data1\" content=\"Phillip Kamp\" \/>\n\t<meta name=\"twitter:label2\" content=\"Est. reading time\" \/>\n\t<meta name=\"twitter:data2\" content=\"2 minutes\" \/>\n<script type=\"application\/ld+json\" class=\"yoast-schema-graph\">{\n\t    \"@context\": \"https:\\\/\\\/schema.org\",\n\t    \"@graph\": [\n\t        {\n\t            \"@type\": \"Article\",\n\t            \"@id\": \"https:\\\/\\\/prototal.info\\\/it\\\/2026\\\/01\\\/13\\\/nuovo-direttore-vendite-globale-per-il-settore-della-mobilita\\\/#article\",\n\t            \"isPartOf\": {\n\t                \"@id\": \"https:\\\/\\\/prototal.info\\\/it\\\/2026\\\/01\\\/13\\\/nuovo-direttore-vendite-globale-per-il-settore-della-mobilita\\\/\"\n\t            },\n\t            \"author\": {\n\t                \"name\": \"Phillip Kamp\",\n\t                \"@id\": \"https:\\\/\\\/prototal.info\\\/it\\\/#\\\/schema\\\/person\\\/8905af261041a8b6c271ff02618d2a42\"\n\t            },\n\t            \"headline\": \"Nuovo direttore vendite globale per il settore della mobilit\u00e0\",\n\t            \"datePublished\": \"2026-01-13T09:00:00+00:00\",\n\t            \"dateModified\": \"2026-03-11T20:36:45+00:00\",\n\t            \"mainEntityOfPage\": {\n\t                \"@id\": \"https:\\\/\\\/prototal.info\\\/it\\\/2026\\\/01\\\/13\\\/nuovo-direttore-vendite-globale-per-il-settore-della-mobilita\\\/\"\n\t            },\n\t            \"wordCount\": 329,\n\t            \"publisher\": {\n\t                \"@id\": \"https:\\\/\\\/prototal.info\\\/it\\\/#organization\"\n\t            },\n\t            \"image\": {\n\t                \"@id\": \"https:\\\/\\\/prototal.info\\\/it\\\/2026\\\/01\\\/13\\\/nuovo-direttore-vendite-globale-per-il-settore-della-mobilita\\\/#primaryimage\"\n\t            },\n\t            \"thumbnailUrl\": \"https:\\\/\\\/prototal.info\\\/app\\\/uploads\\\/2026\\\/01\\\/noemi-press-hero.avif\",\n\t            \"articleSection\": [\n\t                \"Commerciale\"\n\t            ],\n\t            \"inLanguage\": \"it-IT\"\n\t        },\n\t        {\n\t            \"@type\": \"WebPage\",\n\t            \"@id\": \"https:\\\/\\\/prototal.info\\\/it\\\/2026\\\/01\\\/13\\\/nuovo-direttore-vendite-globale-per-il-settore-della-mobilita\\\/\",\n\t            \"url\": \"https:\\\/\\\/prototal.info\\\/it\\\/2026\\\/01\\\/13\\\/nuovo-direttore-vendite-globale-per-il-settore-della-mobilita\\\/\",\n\t            \"name\": \"Nuovo direttore vendite globale per il settore della mobilit\u00e0 | Prototal\",\n\t            \"isPartOf\": {\n\t                \"@id\": \"https:\\\/\\\/prototal.info\\\/it\\\/#website\"\n\t            },\n\t            \"primaryImageOfPage\": {\n\t                \"@id\": \"https:\\\/\\\/prototal.info\\\/it\\\/2026\\\/01\\\/13\\\/nuovo-direttore-vendite-globale-per-il-settore-della-mobilita\\\/#primaryimage\"\n\t            },\n\t            \"image\": {\n\t                \"@id\": \"https:\\\/\\\/prototal.info\\\/it\\\/2026\\\/01\\\/13\\\/nuovo-direttore-vendite-globale-per-il-settore-della-mobilita\\\/#primaryimage\"\n\t            },\n\t            \"thumbnailUrl\": \"https:\\\/\\\/prototal.info\\\/app\\\/uploads\\\/2026\\\/01\\\/noemi-press-hero.avif\",\n\t            \"datePublished\": \"2026-01-13T09:00:00+00:00\",\n\t            \"dateModified\": \"2026-03-11T20:36:45+00:00\",\n\t            \"breadcrumb\": {\n\t                \"@id\": \"https:\\\/\\\/prototal.info\\\/it\\\/2026\\\/01\\\/13\\\/nuovo-direttore-vendite-globale-per-il-settore-della-mobilita\\\/#breadcrumb\"\n\t            },\n\t            \"inLanguage\": \"it-IT\",\n\t            \"potentialAction\": [\n\t                {\n\t                    \"@type\": \"ReadAction\",\n\t                    \"target\": [\n\t                        \"https:\\\/\\\/prototal.info\\\/it\\\/2026\\\/01\\\/13\\\/nuovo-direttore-vendite-globale-per-il-settore-della-mobilita\\\/\"\n\t                    ]\n\t                }\n\t            ]\n\t        },\n\t        {\n\t            \"@type\": \"ImageObject\",\n\t            \"inLanguage\": \"it-IT\",\n\t            \"@id\": \"https:\\\/\\\/prototal.info\\\/it\\\/2026\\\/01\\\/13\\\/nuovo-direttore-vendite-globale-per-il-settore-della-mobilita\\\/#primaryimage\",\n\t            \"url\": \"https:\\\/\\\/prototal.info\\\/app\\\/uploads\\\/2026\\\/01\\\/noemi-press-hero.avif\",\n\t            \"contentUrl\": \"https:\\\/\\\/prototal.info\\\/app\\\/uploads\\\/2026\\\/01\\\/noemi-press-hero.avif\",\n\t            \"width\": 1600,\n\t            \"height\": 1200\n\t        },\n\t        {\n\t            \"@type\": \"BreadcrumbList\",\n\t            \"@id\": \"https:\\\/\\\/prototal.info\\\/it\\\/2026\\\/01\\\/13\\\/nuovo-direttore-vendite-globale-per-il-settore-della-mobilita\\\/#breadcrumb\",\n\t            \"itemListElement\": [\n\t                {\n\t                    \"@type\": \"ListItem\",\n\t                    \"position\": 1,\n\t                    \"name\": \"Home\",\n\t                    \"item\": \"https:\\\/\\\/prototal.info\\\/it\\\/\"\n\t                },\n\t                {\n\t                    \"@type\": \"ListItem\",\n\t                    \"position\": 2,\n\t                    \"name\": \"Nuovo direttore vendite globale per il settore della mobilit\u00e0\"\n\t                }\n\t            ]\n\t        },\n\t        {\n\t            \"@type\": \"WebSite\",\n\t            \"@id\": \"https:\\\/\\\/prototal.info\\\/it\\\/#website\",\n\t            \"url\": \"https:\\\/\\\/prototal.info\\\/it\\\/\",\n\t            \"name\": \"Prototal\",\n\t            \"description\": \"From one to one million\",\n\t            \"publisher\": {\n\t                \"@id\": \"https:\\\/\\\/prototal.info\\\/it\\\/#organization\"\n\t            },\n\t            \"potentialAction\": [\n\t                {\n\t                    \"@type\": \"SearchAction\",\n\t                    \"target\": {\n\t                        \"@type\": \"EntryPoint\",\n\t                        \"urlTemplate\": \"https:\\\/\\\/prototal.info\\\/it\\\/?s={search_term_string}\"\n\t                    },\n\t                    \"query-input\": {\n\t                        \"@type\": \"PropertyValueSpecification\",\n\t                        \"valueRequired\": true,\n\t                        \"valueName\": \"search_term_string\"\n\t                    }\n\t                }\n\t            ],\n\t            \"inLanguage\": \"it-IT\"\n\t        },\n\t        {\n\t            \"@type\": \"Organization\",\n\t            \"@id\": \"https:\\\/\\\/prototal.info\\\/it\\\/#organization\",\n\t            \"name\": \"Prototal\",\n\t            \"url\": \"https:\\\/\\\/prototal.info\\\/it\\\/\",\n\t            \"logo\": {\n\t                \"@type\": \"ImageObject\",\n\t                \"inLanguage\": \"it-IT\",\n\t                \"@id\": \"https:\\\/\\\/prototal.info\\\/it\\\/#\\\/schema\\\/logo\\\/image\\\/\",\n\t                \"url\": \"https:\\\/\\\/prototal.info\\\/app\\\/uploads\\\/2026\\\/03\\\/yoast-seo-default-logo.avif\",\n\t                \"contentUrl\": \"https:\\\/\\\/prototal.info\\\/app\\\/uploads\\\/2026\\\/03\\\/yoast-seo-default-logo.avif\",\n\t                \"width\": 696,\n\t                \"height\": 696,\n\t                \"caption\": \"Prototal\"\n\t            },\n\t            \"image\": {\n\t                \"@id\": \"https:\\\/\\\/prototal.info\\\/it\\\/#\\\/schema\\\/logo\\\/image\\\/\"\n\t            }\n\t        },\n\t        {\n\t            \"@type\": \"Person\",\n\t            \"@id\": \"https:\\\/\\\/prototal.info\\\/it\\\/#\\\/schema\\\/person\\\/8905af261041a8b6c271ff02618d2a42\",\n\t            \"name\": \"Phillip Kamp\",\n\t            \"image\": {\n\t                \"@type\": \"ImageObject\",\n\t                \"inLanguage\": \"it-IT\",\n\t                \"@id\": \"https:\\\/\\\/secure.gravatar.com\\\/avatar\\\/360033c1356ca7020aaa3080b437c690426978678b96d15fe35a40b3dd566bfc?s=96&d=mm&r=g\",\n\t                \"url\": \"https:\\\/\\\/secure.gravatar.com\\\/avatar\\\/360033c1356ca7020aaa3080b437c690426978678b96d15fe35a40b3dd566bfc?s=96&d=mm&r=g\",\n\t                \"contentUrl\": \"https:\\\/\\\/secure.gravatar.com\\\/avatar\\\/360033c1356ca7020aaa3080b437c690426978678b96d15fe35a40b3dd566bfc?s=96&d=mm&r=g\",\n\t                \"caption\": \"Phillip Kamp\"\n\t            }\n\t        }\n\t    ]\n\t}<\/script>\n<!-- \/ Yoast SEO plugin. -->","yoast_head_json":{"title":"Nuovo direttore vendite globale per il settore della mobilit\u00e0 | Prototal","robots":{"index":"index","follow":"follow","max-snippet":"max-snippet:-1","max-image-preview":"max-image-preview:large","max-video-preview":"max-video-preview:-1"},"canonical":"https:\/\/prototal.info\/it\/2026\/01\/13\/nuovo-direttore-vendite-globale-per-il-settore-della-mobilita\/","og_locale":"it_IT","og_type":"article","og_title":"Nuovo direttore vendite globale per il settore della mobilit\u00e0 | Prototal","og_description":"Il Gruppo Prototal continua ad affinare la sua strategia commerciale focalizzata sul settore con una nuova nomina a leader nell&#8217;industria della mobilit\u00e0, portando avanti il suo impegno nella produzione in serie della stampa 3D industriale. Sulla base dell&#8217;espansione strategica delle capacit\u00e0 di vendita globali, Prototal Group sta compiendo il prossimo passo nel suo percorso di [&hellip;]","og_url":"https:\/\/prototal.info\/it\/2026\/01\/13\/nuovo-direttore-vendite-globale-per-il-settore-della-mobilita\/","og_site_name":"Prototal","article_published_time":"2026-01-13T09:00:00+00:00","article_modified_time":"2026-03-11T20:36:45+00:00","author":"Phillip Kamp","twitter_card":"summary_large_image","twitter_misc":{"Written by":"Phillip Kamp","Est. reading time":"2 minutes"},"schema":{"@context":"https:\/\/schema.org","@graph":[{"@type":"Article","@id":"https:\/\/prototal.info\/it\/2026\/01\/13\/nuovo-direttore-vendite-globale-per-il-settore-della-mobilita\/#article","isPartOf":{"@id":"https:\/\/prototal.info\/it\/2026\/01\/13\/nuovo-direttore-vendite-globale-per-il-settore-della-mobilita\/"},"author":{"name":"Phillip Kamp","@id":"https:\/\/prototal.info\/it\/#\/schema\/person\/8905af261041a8b6c271ff02618d2a42"},"headline":"Nuovo direttore vendite globale per il settore della mobilit\u00e0","datePublished":"2026-01-13T09:00:00+00:00","dateModified":"2026-03-11T20:36:45+00:00","mainEntityOfPage":{"@id":"https:\/\/prototal.info\/it\/2026\/01\/13\/nuovo-direttore-vendite-globale-per-il-settore-della-mobilita\/"},"wordCount":329,"publisher":{"@id":"https:\/\/prototal.info\/it\/#organization"},"image":{"@id":"https:\/\/prototal.info\/it\/2026\/01\/13\/nuovo-direttore-vendite-globale-per-il-settore-della-mobilita\/#primaryimage"},"thumbnailUrl":"https:\/\/prototal.info\/app\/uploads\/2026\/01\/noemi-press-hero.avif","articleSection":["Commerciale"],"inLanguage":"it-IT"},{"@type":"WebPage","@id":"https:\/\/prototal.info\/it\/2026\/01\/13\/nuovo-direttore-vendite-globale-per-il-settore-della-mobilita\/","url":"https:\/\/prototal.info\/it\/2026\/01\/13\/nuovo-direttore-vendite-globale-per-il-settore-della-mobilita\/","name":"Nuovo direttore vendite globale per il settore della mobilit\u00e0 | Prototal","isPartOf":{"@id":"https:\/\/prototal.info\/it\/#website"},"primaryImageOfPage":{"@id":"https:\/\/prototal.info\/it\/2026\/01\/13\/nuovo-direttore-vendite-globale-per-il-settore-della-mobilita\/#primaryimage"},"image":{"@id":"https:\/\/prototal.info\/it\/2026\/01\/13\/nuovo-direttore-vendite-globale-per-il-settore-della-mobilita\/#primaryimage"},"thumbnailUrl":"https:\/\/prototal.info\/app\/uploads\/2026\/01\/noemi-press-hero.avif","datePublished":"2026-01-13T09:00:00+00:00","dateModified":"2026-03-11T20:36:45+00:00","breadcrumb":{"@id":"https:\/\/prototal.info\/it\/2026\/01\/13\/nuovo-direttore-vendite-globale-per-il-settore-della-mobilita\/#breadcrumb"},"inLanguage":"it-IT","potentialAction":[{"@type":"ReadAction","target":["https:\/\/prototal.info\/it\/2026\/01\/13\/nuovo-direttore-vendite-globale-per-il-settore-della-mobilita\/"]}]},{"@type":"ImageObject","inLanguage":"it-IT","@id":"https:\/\/prototal.info\/it\/2026\/01\/13\/nuovo-direttore-vendite-globale-per-il-settore-della-mobilita\/#primaryimage","url":"https:\/\/prototal.info\/app\/uploads\/2026\/01\/noemi-press-hero.avif","contentUrl":"https:\/\/prototal.info\/app\/uploads\/2026\/01\/noemi-press-hero.avif","width":1600,"height":1200},{"@type":"BreadcrumbList","@id":"https:\/\/prototal.info\/it\/2026\/01\/13\/nuovo-direttore-vendite-globale-per-il-settore-della-mobilita\/#breadcrumb","itemListElement":[{"@type":"ListItem","position":1,"name":"Home","item":"https:\/\/prototal.info\/it\/"},{"@type":"ListItem","position":2,"name":"Nuovo direttore vendite globale per il settore della mobilit\u00e0"}]},{"@type":"WebSite","@id":"https:\/\/prototal.info\/it\/#website","url":"https:\/\/prototal.info\/it\/","name":"Prototal","description":"From one to one million","publisher":{"@id":"https:\/\/prototal.info\/it\/#organization"},"potentialAction":[{"@type":"SearchAction","target":{"@type":"EntryPoint","urlTemplate":"https:\/\/prototal.info\/it\/?s={search_term_string}"},"query-input":{"@type":"PropertyValueSpecification","valueRequired":true,"valueName":"search_term_string"}}],"inLanguage":"it-IT"},{"@type":"Organization","@id":"https:\/\/prototal.info\/it\/#organization","name":"Prototal","url":"https:\/\/prototal.info\/it\/","logo":{"@type":"ImageObject","inLanguage":"it-IT","@id":"https:\/\/prototal.info\/it\/#\/schema\/logo\/image\/","url":"https:\/\/prototal.info\/app\/uploads\/2026\/03\/yoast-seo-default-logo.avif","contentUrl":"https:\/\/prototal.info\/app\/uploads\/2026\/03\/yoast-seo-default-logo.avif","width":696,"height":696,"caption":"Prototal"},"image":{"@id":"https:\/\/prototal.info\/it\/#\/schema\/logo\/image\/"}},{"@type":"Person","@id":"https:\/\/prototal.info\/it\/#\/schema\/person\/8905af261041a8b6c271ff02618d2a42","name":"Phillip Kamp","image":{"@type":"ImageObject","inLanguage":"it-IT","@id":"https:\/\/secure.gravatar.com\/avatar\/360033c1356ca7020aaa3080b437c690426978678b96d15fe35a40b3dd566bfc?s=96&d=mm&r=g","url":"https:\/\/secure.gravatar.com\/avatar\/360033c1356ca7020aaa3080b437c690426978678b96d15fe35a40b3dd566bfc?s=96&d=mm&r=g","contentUrl":"https:\/\/secure.gravatar.com\/avatar\/360033c1356ca7020aaa3080b437c690426978678b96d15fe35a40b3dd566bfc?s=96&d=mm&r=g","caption":"Phillip Kamp"}}]}},"_links":{"self":[{"href":"https:\/\/prototal.info\/it\/wp-json\/wp\/v2\/posts\/10997","targetHints":{"allow":["GET"]}}],"collection":[{"href":"https:\/\/prototal.info\/it\/wp-json\/wp\/v2\/posts"}],"about":[{"href":"https:\/\/prototal.info\/it\/wp-json\/wp\/v2\/types\/post"}],"author":[{"embeddable":true,"href":"https:\/\/prototal.info\/it\/wp-json\/wp\/v2\/users\/5"}],"replies":[{"embeddable":true,"href":"https:\/\/prototal.info\/it\/wp-json\/wp\/v2\/comments?post=10997"}],"version-history":[{"count":2,"href":"https:\/\/prototal.info\/it\/wp-json\/wp\/v2\/posts\/10997\/revisions"}],"predecessor-version":[{"id":10999,"href":"https:\/\/prototal.info\/it\/wp-json\/wp\/v2\/posts\/10997\/revisions\/10999"}],"wp:featuredmedia":[{"embeddable":true,"href":"https:\/\/prototal.info\/it\/wp-json\/wp\/v2\/media\/7680"}],"wp:attachment":[{"href":"https:\/\/prototal.info\/it\/wp-json\/wp\/v2\/media?parent=10997"}],"wp:term":[{"taxonomy":"category","embeddable":true,"href":"https:\/\/prototal.info\/it\/wp-json\/wp\/v2\/categories?post=10997"},{"taxonomy":"post_tag","embeddable":true,"href":"https:\/\/prototal.info\/it\/wp-json\/wp\/v2\/tags?post=10997"}],"curies":[{"name":"wp","href":"https:\/\/api.w.org\/{rel}","templated":true}]}}