{"id":10680,"date":"2025-09-08T10:00:00","date_gmt":"2025-09-08T08:00:00","guid":{"rendered":"https:\/\/prototal.info\/2025\/09\/08\/prototal-bliver-medlem-af-den-svenske-brancheorganisation-for-sikkerheds-og-forsvarsvirksomheder-soff\/"},"modified":"2026-03-18T14:59:33","modified_gmt":"2026-03-18T13:59:33","slug":"prototal-bliver-medlem-af-den-svenske-brancheorganisation-for-sikkerheds-og-forsvarsvirksomheder-soff","status":"publish","type":"post","link":"https:\/\/prototal.info\/dk\/2025\/09\/08\/prototal-bliver-medlem-af-den-svenske-brancheorganisation-for-sikkerheds-og-forsvarsvirksomheder-soff\/","title":{"rendered":"Prototal bliver medlem af den svenske brancheorganisation for sikkerheds- og forsvarsvirksomheder, SOFF"},"content":{"rendered":"\n<p>Prototal Sweden AB er blevet medlem af SOFF \u2013 S\u00e4kerhets- och f\u00f6rsvarsf\u00f6retagen.<\/p>\n\n<p>Dette medlemskab styrker Prototals evne til at bidrage til Sveriges sikkerhed og beredskab, samtidig med at det \u00e5bner d\u00f8re for nye samarbejder og muligheder for professionel udvikling inden for forsvarssektoren.<\/p>\n\n<p>SOFF arbejder for at skabe de bedst mulige konkurrencevilk\u00e5r for forsvars- og sikkerhedsvirksomheder ved at fremme markedsadgang og international handel. Organisationen repr\u00e6senterer cirka 250 medlemsvirksomheder, der opererer inden for omr\u00e5der som civil sikkerhed, cyberteknologi og forsvarsteknologi. <\/p>\n\n<blockquote class=\"wp-block-quote is-layout-flow wp-block-quote-is-layout-flow\">\n<p><strong>&#8220;Joining SOFF is an important step for Prototal. We see a growing need for advanced manufacturing solutions within Sweden\u2019s total defense, and through this membership, we can both deepen our collaborations and continue to strengthen our expertise in the field. We want to be an active partner in developing Sweden\u2019s defense capabilities and long-term readiness,&#8221; siger Karin Holst, Global Sales Director Aerospace &amp; Defence, Prototal Group.<\/strong><\/p>\n<\/blockquote>\n\n<blockquote class=\"wp-block-quote is-layout-flow wp-block-quote-is-layout-flow\">\n<p><strong>&#8220;We welcome Prototal as a new member of SOFF. Their expertise in advanced manufacturing, additive production, and high-level industrial solutions is a valuable addition to strengthening Sweden\u2019s total defense. Together with our members, we work to meet the increased security challenges the country is facing,&#8221; siger Robert Limmerg\u00e5rd, generalsekret\u00e6r for SOFF (S\u00e4kerhets- och f\u00f6rsvarsf\u00f6retagen).<\/strong><\/p>\n<\/blockquote>\n\n<p>SOFF samarbejder ogs\u00e5 med internationale brancheorganisationer og er medlem af AeroSpace and Defence Industries Association of Europe (ASD) samt NATO Industrial Advisory Group (NIAG), foruden at have adskillige samarbejdsaftaler med organisationer i andre lande.<\/p>\n\n<p><\/p>\n","protected":false},"excerpt":{"rendered":"<p>Prototal Sweden AB er blevet medlem af SOFF \u2013 S\u00e4kerhets- och f\u00f6rsvarsf\u00f6retagen. Dette medlemskab styrker Prototals evne til at bidrage til Sveriges sikkerhed og beredskab, samtidig med at det \u00e5bner d\u00f8re for nye samarbejder og muligheder for professionel udvikling inden for forsvarssektoren. SOFF arbejder for at skabe de bedst mulige konkurrencevilk\u00e5r for forsvars- og sikkerhedsvirksomheder [&hellip;]<\/p>\n","protected":false},"author":5,"featured_media":19197,"comment_status":"closed","ping_status":"open","sticky":false,"template":"","format":"standard","meta":{"_acf_changed":false,"inline_featured_image":false,"footnotes":""},"categories":[190],"tags":[],"class_list":["post-10680","post","type-post","status-publish","format-standard","has-post-thumbnail","hentry","category-kommerciel"],"acf":[],"yoast_head":"<!-- This site is optimized with the Yoast SEO plugin v27.2 - https:\/\/yoast.com\/product\/yoast-seo-wordpress\/ -->\n<title>Prototal bliver medlem af den svenske brancheorganisation for sikkerheds- og forsvarsvirksomheder, SOFF | Prototal<\/title>\n<meta name=\"robots\" content=\"index, follow, max-snippet:-1, max-image-preview:large, max-video-preview:-1\" \/>\n<link rel=\"canonical\" href=\"https:\/\/prototal.info\/dk\/2025\/09\/08\/prototal-bliver-medlem-af-den-svenske-brancheorganisation-for-sikkerheds-og-forsvarsvirksomheder-soff\/\" \/>\n<meta property=\"og:locale\" content=\"da_DK\" \/>\n<meta property=\"og:type\" content=\"article\" \/>\n<meta property=\"og:title\" content=\"Prototal bliver medlem af den svenske brancheorganisation for sikkerheds- og forsvarsvirksomheder, SOFF | Prototal\" \/>\n<meta property=\"og:description\" content=\"Prototal Sweden AB er blevet medlem af SOFF \u2013 S\u00e4kerhets- och f\u00f6rsvarsf\u00f6retagen. Dette medlemskab styrker Prototals evne til at bidrage til Sveriges sikkerhed og beredskab, samtidig med at det \u00e5bner d\u00f8re for nye samarbejder og muligheder for professionel udvikling inden for forsvarssektoren. SOFF arbejder for at skabe de bedst mulige konkurrencevilk\u00e5r for forsvars- og sikkerhedsvirksomheder [&hellip;]\" \/>\n<meta property=\"og:url\" content=\"https:\/\/prototal.info\/dk\/2025\/09\/08\/prototal-bliver-medlem-af-den-svenske-brancheorganisation-for-sikkerheds-og-forsvarsvirksomheder-soff\/\" \/>\n<meta property=\"og:site_name\" content=\"Prototal\" \/>\n<meta property=\"article:published_time\" content=\"2025-09-08T08:00:00+00:00\" \/>\n<meta property=\"article:modified_time\" content=\"2026-03-18T13:59:33+00:00\" \/>\n<meta name=\"author\" content=\"Phillip Kamp\" \/>\n<meta name=\"twitter:card\" content=\"summary_large_image\" \/>\n<meta name=\"twitter:label1\" content=\"Written by\" \/>\n\t<meta name=\"twitter:data1\" content=\"Phillip Kamp\" \/>\n\t<meta name=\"twitter:label2\" content=\"Est. reading time\" \/>\n\t<meta name=\"twitter:data2\" content=\"1 minute\" \/>\n<script type=\"application\/ld+json\" class=\"yoast-schema-graph\">{\n\t    \"@context\": \"https:\/\/schema.org\",\n\t    \"@graph\": [\n\t        {\n\t            \"@type\": \"Article\",\n\t            \"@id\": \"https:\/\/prototal.info\/dk\/2025\/09\/08\/prototal-bliver-medlem-af-den-svenske-brancheorganisation-for-sikkerheds-og-forsvarsvirksomheder-soff\/#article\",\n\t            \"isPartOf\": {\n\t                \"@id\": \"https:\/\/prototal.info\/dk\/2025\/09\/08\/prototal-bliver-medlem-af-den-svenske-brancheorganisation-for-sikkerheds-og-forsvarsvirksomheder-soff\/\"\n\t            },\n\t            \"author\": {\n\t                \"name\": \"Phillip Kamp\",\n\t                \"@id\": \"https:\/\/prototal.info\/dk\/#\/schema\/person\/8905af261041a8b6c271ff02618d2a42\"\n\t            },\n\t            \"headline\": \"Prototal bliver medlem af den svenske brancheorganisation for sikkerheds- og forsvarsvirksomheder, SOFF\",\n\t            \"datePublished\": \"2025-09-08T08:00:00+00:00\",\n\t            \"dateModified\": \"2026-03-18T13:59:33+00:00\",\n\t            \"mainEntityOfPage\": {\n\t                \"@id\": \"https:\/\/prototal.info\/dk\/2025\/09\/08\/prototal-bliver-medlem-af-den-svenske-brancheorganisation-for-sikkerheds-og-forsvarsvirksomheder-soff\/\"\n\t            },\n\t            \"wordCount\": 257,\n\t            \"publisher\": {\n\t                \"@id\": \"https:\/\/prototal.info\/dk\/#organization\"\n\t            },\n\t            \"image\": {\n\t                \"@id\": \"https:\/\/prototal.info\/dk\/2025\/09\/08\/prototal-bliver-medlem-af-den-svenske-brancheorganisation-for-sikkerheds-og-forsvarsvirksomheder-soff\/#primaryimage\"\n\t            },\n\t            \"thumbnailUrl\": \"https:\/\/prototal.info\/app\/uploads\/2025\/12\/defense-exhibition-denmark.avif\",\n\t            \"articleSection\": [\n\t                \"Kommerciel\"\n\t            ],\n\t            \"inLanguage\": \"da-DK\"\n\t        },\n\t        {\n\t            \"@type\": \"WebPage\",\n\t            \"@id\": \"https:\/\/prototal.info\/dk\/2025\/09\/08\/prototal-bliver-medlem-af-den-svenske-brancheorganisation-for-sikkerheds-og-forsvarsvirksomheder-soff\/\",\n\t            \"url\": \"https:\/\/prototal.info\/dk\/2025\/09\/08\/prototal-bliver-medlem-af-den-svenske-brancheorganisation-for-sikkerheds-og-forsvarsvirksomheder-soff\/\",\n\t            \"name\": \"Prototal bliver medlem af den svenske brancheorganisation for sikkerheds- og forsvarsvirksomheder, SOFF | Prototal\",\n\t            \"isPartOf\": {\n\t                \"@id\": \"https:\/\/prototal.info\/dk\/#website\"\n\t            },\n\t            \"primaryImageOfPage\": {\n\t                \"@id\": \"https:\/\/prototal.info\/dk\/2025\/09\/08\/prototal-bliver-medlem-af-den-svenske-brancheorganisation-for-sikkerheds-og-forsvarsvirksomheder-soff\/#primaryimage\"\n\t            },\n\t            \"image\": {\n\t                \"@id\": \"https:\/\/prototal.info\/dk\/2025\/09\/08\/prototal-bliver-medlem-af-den-svenske-brancheorganisation-for-sikkerheds-og-forsvarsvirksomheder-soff\/#primaryimage\"\n\t            },\n\t            \"thumbnailUrl\": \"https:\/\/prototal.info\/app\/uploads\/2025\/12\/defense-exhibition-denmark.avif\",\n\t            \"datePublished\": \"2025-09-08T08:00:00+00:00\",\n\t            \"dateModified\": \"2026-03-18T13:59:33+00:00\",\n\t            \"breadcrumb\": {\n\t                \"@id\": \"https:\/\/prototal.info\/dk\/2025\/09\/08\/prototal-bliver-medlem-af-den-svenske-brancheorganisation-for-sikkerheds-og-forsvarsvirksomheder-soff\/#breadcrumb\"\n\t            },\n\t            \"inLanguage\": \"da-DK\",\n\t            \"potentialAction\": [\n\t                {\n\t                    \"@type\": \"ReadAction\",\n\t                    \"target\": [\n\t                        \"https:\/\/prototal.info\/dk\/2025\/09\/08\/prototal-bliver-medlem-af-den-svenske-brancheorganisation-for-sikkerheds-og-forsvarsvirksomheder-soff\/\"\n\t                    ]\n\t                }\n\t            ]\n\t        },\n\t        {\n\t            \"@type\": \"ImageObject\",\n\t            \"inLanguage\": \"da-DK\",\n\t            \"@id\": \"https:\/\/prototal.info\/dk\/2025\/09\/08\/prototal-bliver-medlem-af-den-svenske-brancheorganisation-for-sikkerheds-og-forsvarsvirksomheder-soff\/#primaryimage\",\n\t            \"url\": \"https:\/\/prototal.info\/app\/uploads\/2025\/12\/defense-exhibition-denmark.avif\",\n\t            \"contentUrl\": \"https:\/\/prototal.info\/app\/uploads\/2025\/12\/defense-exhibition-denmark.avif\",\n\t            \"width\": 1600,\n\t            \"height\": 1200\n\t        },\n\t        {\n\t            \"@type\": \"BreadcrumbList\",\n\t            \"@id\": \"https:\/\/prototal.info\/dk\/2025\/09\/08\/prototal-bliver-medlem-af-den-svenske-brancheorganisation-for-sikkerheds-og-forsvarsvirksomheder-soff\/#breadcrumb\",\n\t            \"itemListElement\": [\n\t                {\n\t                    \"@type\": \"ListItem\",\n\t                    \"position\": 1,\n\t                    \"name\": \"Home\",\n\t                    \"item\": \"https:\/\/prototal.info\/dk\/\"\n\t                },\n\t                {\n\t                    \"@type\": \"ListItem\",\n\t                    \"position\": 2,\n\t                    \"name\": \"Prototal bliver medlem af den svenske brancheorganisation for sikkerheds- og forsvarsvirksomheder, SOFF\"\n\t                }\n\t            ]\n\t        },\n\t        {\n\t            \"@type\": \"WebSite\",\n\t            \"@id\": \"https:\/\/prototal.info\/dk\/#website\",\n\t            \"url\": \"https:\/\/prototal.info\/dk\/\",\n\t            \"name\": \"Prototal\",\n\t            \"description\": \"From one to one million\",\n\t            \"publisher\": {\n\t                \"@id\": \"https:\/\/prototal.info\/dk\/#organization\"\n\t            },\n\t            \"potentialAction\": [\n\t                {\n\t                    \"@type\": \"SearchAction\",\n\t                    \"target\": {\n\t                        \"@type\": \"EntryPoint\",\n\t                        \"urlTemplate\": \"https:\/\/prototal.info\/dk\/?s={search_term_string}\"\n\t                    },\n\t                    \"query-input\": {\n\t                        \"@type\": \"PropertyValueSpecification\",\n\t                        \"valueRequired\": true,\n\t                        \"valueName\": \"search_term_string\"\n\t                    }\n\t                }\n\t            ],\n\t            \"inLanguage\": \"da-DK\"\n\t        },\n\t        {\n\t            \"@type\": \"Organization\",\n\t            \"@id\": \"https:\/\/prototal.info\/dk\/#organization\",\n\t            \"name\": \"Prototal\",\n\t            \"url\": \"https:\/\/prototal.info\/dk\/\",\n\t            \"logo\": {\n\t                \"@type\": \"ImageObject\",\n\t                \"inLanguage\": \"da-DK\",\n\t                \"@id\": \"https:\/\/prototal.info\/dk\/#\/schema\/logo\/image\/\",\n\t                \"url\": \"https:\/\/prototal.info\/app\/uploads\/2026\/03\/yoast-seo-default-logo.avif\",\n\t                \"contentUrl\": \"https:\/\/prototal.info\/app\/uploads\/2026\/03\/yoast-seo-default-logo.avif\",\n\t                \"width\": 696,\n\t                \"height\": 696,\n\t                \"caption\": \"Prototal\"\n\t            },\n\t            \"image\": {\n\t                \"@id\": \"https:\/\/prototal.info\/dk\/#\/schema\/logo\/image\/\"\n\t            }\n\t        },\n\t        {\n\t            \"@type\": \"Person\",\n\t            \"@id\": \"https:\/\/prototal.info\/dk\/#\/schema\/person\/8905af261041a8b6c271ff02618d2a42\",\n\t            \"name\": \"Phillip Kamp\",\n\t            \"image\": {\n\t                \"@type\": \"ImageObject\",\n\t                \"inLanguage\": \"da-DK\",\n\t                \"@id\": \"https:\/\/secure.gravatar.com\/avatar\/360033c1356ca7020aaa3080b437c690426978678b96d15fe35a40b3dd566bfc?s=96&d=mm&r=g\",\n\t                \"url\": \"https:\/\/secure.gravatar.com\/avatar\/360033c1356ca7020aaa3080b437c690426978678b96d15fe35a40b3dd566bfc?s=96&d=mm&r=g\",\n\t                \"contentUrl\": \"https:\/\/secure.gravatar.com\/avatar\/360033c1356ca7020aaa3080b437c690426978678b96d15fe35a40b3dd566bfc?s=96&d=mm&r=g\",\n\t                \"caption\": \"Phillip Kamp\"\n\t            }\n\t        }\n\t    ]\n\t}<\/script>\n<!-- \/ Yoast SEO plugin. -->","yoast_head_json":{"title":"Prototal bliver medlem af den svenske brancheorganisation for sikkerheds- og forsvarsvirksomheder, SOFF | Prototal","robots":{"index":"index","follow":"follow","max-snippet":"max-snippet:-1","max-image-preview":"max-image-preview:large","max-video-preview":"max-video-preview:-1"},"canonical":"https:\/\/prototal.info\/dk\/2025\/09\/08\/prototal-bliver-medlem-af-den-svenske-brancheorganisation-for-sikkerheds-og-forsvarsvirksomheder-soff\/","og_locale":"da_DK","og_type":"article","og_title":"Prototal bliver medlem af den svenske brancheorganisation for sikkerheds- og forsvarsvirksomheder, SOFF | Prototal","og_description":"Prototal Sweden AB er blevet medlem af SOFF \u2013 S\u00e4kerhets- och f\u00f6rsvarsf\u00f6retagen. Dette medlemskab styrker Prototals evne til at bidrage til Sveriges sikkerhed og beredskab, samtidig med at det \u00e5bner d\u00f8re for nye samarbejder og muligheder for professionel udvikling inden for forsvarssektoren. SOFF arbejder for at skabe de bedst mulige konkurrencevilk\u00e5r for forsvars- og sikkerhedsvirksomheder [&hellip;]","og_url":"https:\/\/prototal.info\/dk\/2025\/09\/08\/prototal-bliver-medlem-af-den-svenske-brancheorganisation-for-sikkerheds-og-forsvarsvirksomheder-soff\/","og_site_name":"Prototal","article_published_time":"2025-09-08T08:00:00+00:00","article_modified_time":"2026-03-18T13:59:33+00:00","author":"Phillip Kamp","twitter_card":"summary_large_image","twitter_misc":{"Written by":"Phillip Kamp","Est. reading time":"1 minute"},"schema":{"@context":"https:\/\/schema.org","@graph":[{"@type":"Article","@id":"https:\/\/prototal.info\/dk\/2025\/09\/08\/prototal-bliver-medlem-af-den-svenske-brancheorganisation-for-sikkerheds-og-forsvarsvirksomheder-soff\/#article","isPartOf":{"@id":"https:\/\/prototal.info\/dk\/2025\/09\/08\/prototal-bliver-medlem-af-den-svenske-brancheorganisation-for-sikkerheds-og-forsvarsvirksomheder-soff\/"},"author":{"name":"Phillip Kamp","@id":"https:\/\/prototal.info\/dk\/#\/schema\/person\/8905af261041a8b6c271ff02618d2a42"},"headline":"Prototal bliver medlem af den svenske brancheorganisation for sikkerheds- og forsvarsvirksomheder, SOFF","datePublished":"2025-09-08T08:00:00+00:00","dateModified":"2026-03-18T13:59:33+00:00","mainEntityOfPage":{"@id":"https:\/\/prototal.info\/dk\/2025\/09\/08\/prototal-bliver-medlem-af-den-svenske-brancheorganisation-for-sikkerheds-og-forsvarsvirksomheder-soff\/"},"wordCount":257,"publisher":{"@id":"https:\/\/prototal.info\/dk\/#organization"},"image":{"@id":"https:\/\/prototal.info\/dk\/2025\/09\/08\/prototal-bliver-medlem-af-den-svenske-brancheorganisation-for-sikkerheds-og-forsvarsvirksomheder-soff\/#primaryimage"},"thumbnailUrl":"https:\/\/prototal.info\/app\/uploads\/2025\/12\/defense-exhibition-denmark.avif","articleSection":["Kommerciel"],"inLanguage":"da-DK"},{"@type":"WebPage","@id":"https:\/\/prototal.info\/dk\/2025\/09\/08\/prototal-bliver-medlem-af-den-svenske-brancheorganisation-for-sikkerheds-og-forsvarsvirksomheder-soff\/","url":"https:\/\/prototal.info\/dk\/2025\/09\/08\/prototal-bliver-medlem-af-den-svenske-brancheorganisation-for-sikkerheds-og-forsvarsvirksomheder-soff\/","name":"Prototal bliver medlem af den svenske brancheorganisation for sikkerheds- og forsvarsvirksomheder, SOFF | Prototal","isPartOf":{"@id":"https:\/\/prototal.info\/dk\/#website"},"primaryImageOfPage":{"@id":"https:\/\/prototal.info\/dk\/2025\/09\/08\/prototal-bliver-medlem-af-den-svenske-brancheorganisation-for-sikkerheds-og-forsvarsvirksomheder-soff\/#primaryimage"},"image":{"@id":"https:\/\/prototal.info\/dk\/2025\/09\/08\/prototal-bliver-medlem-af-den-svenske-brancheorganisation-for-sikkerheds-og-forsvarsvirksomheder-soff\/#primaryimage"},"thumbnailUrl":"https:\/\/prototal.info\/app\/uploads\/2025\/12\/defense-exhibition-denmark.avif","datePublished":"2025-09-08T08:00:00+00:00","dateModified":"2026-03-18T13:59:33+00:00","breadcrumb":{"@id":"https:\/\/prototal.info\/dk\/2025\/09\/08\/prototal-bliver-medlem-af-den-svenske-brancheorganisation-for-sikkerheds-og-forsvarsvirksomheder-soff\/#breadcrumb"},"inLanguage":"da-DK","potentialAction":[{"@type":"ReadAction","target":["https:\/\/prototal.info\/dk\/2025\/09\/08\/prototal-bliver-medlem-af-den-svenske-brancheorganisation-for-sikkerheds-og-forsvarsvirksomheder-soff\/"]}]},{"@type":"ImageObject","inLanguage":"da-DK","@id":"https:\/\/prototal.info\/dk\/2025\/09\/08\/prototal-bliver-medlem-af-den-svenske-brancheorganisation-for-sikkerheds-og-forsvarsvirksomheder-soff\/#primaryimage","url":"https:\/\/prototal.info\/app\/uploads\/2025\/12\/defense-exhibition-denmark.avif","contentUrl":"https:\/\/prototal.info\/app\/uploads\/2025\/12\/defense-exhibition-denmark.avif","width":1600,"height":1200},{"@type":"BreadcrumbList","@id":"https:\/\/prototal.info\/dk\/2025\/09\/08\/prototal-bliver-medlem-af-den-svenske-brancheorganisation-for-sikkerheds-og-forsvarsvirksomheder-soff\/#breadcrumb","itemListElement":[{"@type":"ListItem","position":1,"name":"Home","item":"https:\/\/prototal.info\/dk\/"},{"@type":"ListItem","position":2,"name":"Prototal bliver medlem af den svenske brancheorganisation for sikkerheds- og forsvarsvirksomheder, SOFF"}]},{"@type":"WebSite","@id":"https:\/\/prototal.info\/dk\/#website","url":"https:\/\/prototal.info\/dk\/","name":"Prototal","description":"From one to one million","publisher":{"@id":"https:\/\/prototal.info\/dk\/#organization"},"potentialAction":[{"@type":"SearchAction","target":{"@type":"EntryPoint","urlTemplate":"https:\/\/prototal.info\/dk\/?s={search_term_string}"},"query-input":{"@type":"PropertyValueSpecification","valueRequired":true,"valueName":"search_term_string"}}],"inLanguage":"da-DK"},{"@type":"Organization","@id":"https:\/\/prototal.info\/dk\/#organization","name":"Prototal","url":"https:\/\/prototal.info\/dk\/","logo":{"@type":"ImageObject","inLanguage":"da-DK","@id":"https:\/\/prototal.info\/dk\/#\/schema\/logo\/image\/","url":"https:\/\/prototal.info\/app\/uploads\/2026\/03\/yoast-seo-default-logo.avif","contentUrl":"https:\/\/prototal.info\/app\/uploads\/2026\/03\/yoast-seo-default-logo.avif","width":696,"height":696,"caption":"Prototal"},"image":{"@id":"https:\/\/prototal.info\/dk\/#\/schema\/logo\/image\/"}},{"@type":"Person","@id":"https:\/\/prototal.info\/dk\/#\/schema\/person\/8905af261041a8b6c271ff02618d2a42","name":"Phillip Kamp","image":{"@type":"ImageObject","inLanguage":"da-DK","@id":"https:\/\/secure.gravatar.com\/avatar\/360033c1356ca7020aaa3080b437c690426978678b96d15fe35a40b3dd566bfc?s=96&d=mm&r=g","url":"https:\/\/secure.gravatar.com\/avatar\/360033c1356ca7020aaa3080b437c690426978678b96d15fe35a40b3dd566bfc?s=96&d=mm&r=g","contentUrl":"https:\/\/secure.gravatar.com\/avatar\/360033c1356ca7020aaa3080b437c690426978678b96d15fe35a40b3dd566bfc?s=96&d=mm&r=g","caption":"Phillip Kamp"}}]}},"_links":{"self":[{"href":"https:\/\/prototal.info\/dk\/wp-json\/wp\/v2\/posts\/10680","targetHints":{"allow":["GET"]}}],"collection":[{"href":"https:\/\/prototal.info\/dk\/wp-json\/wp\/v2\/posts"}],"about":[{"href":"https:\/\/prototal.info\/dk\/wp-json\/wp\/v2\/types\/post"}],"author":[{"embeddable":true,"href":"https:\/\/prototal.info\/dk\/wp-json\/wp\/v2\/users\/5"}],"replies":[{"embeddable":true,"href":"https:\/\/prototal.info\/dk\/wp-json\/wp\/v2\/comments?post=10680"}],"version-history":[{"count":1,"href":"https:\/\/prototal.info\/dk\/wp-json\/wp\/v2\/posts\/10680\/revisions"}],"predecessor-version":[{"id":10682,"href":"https:\/\/prototal.info\/dk\/wp-json\/wp\/v2\/posts\/10680\/revisions\/10682"}],"wp:featuredmedia":[{"embeddable":true,"href":"https:\/\/prototal.info\/dk\/wp-json\/wp\/v2\/media\/19197"}],"wp:attachment":[{"href":"https:\/\/prototal.info\/dk\/wp-json\/wp\/v2\/media?parent=10680"}],"wp:term":[{"taxonomy":"category","embeddable":true,"href":"https:\/\/prototal.info\/dk\/wp-json\/wp\/v2\/categories?post=10680"},{"taxonomy":"post_tag","embeddable":true,"href":"https:\/\/prototal.info\/dk\/wp-json\/wp\/v2\/tags?post=10680"}],"curies":[{"name":"wp","href":"https:\/\/api.w.org\/{rel}","templated":true}]}}