{"id":10677,"date":"2025-06-02T10:00:00","date_gmt":"2025-06-02T08:00:00","guid":{"rendered":"https:\/\/prototal.info\/2025\/06\/02\/prototal-styrker-den-kommercielle-kerne-med-strategiske-ansaettelser\/"},"modified":"2026-03-18T14:59:33","modified_gmt":"2026-03-18T13:59:33","slug":"prototal-styrker-den-kommercielle-kerne-med-strategiske-ansaettelser","status":"publish","type":"post","link":"https:\/\/prototal.info\/dk\/2025\/06\/02\/prototal-styrker-den-kommercielle-kerne-med-strategiske-ansaettelser\/","title":{"rendered":"Prototal styrker den kommercielle kerne med strategiske ans\u00e6ttelser"},"content":{"rendered":"\n<p><strong>Prototal Industries udvider sit kommercielle team \u2013 styrker tilstedev\u00e6relsen i forsvars- og luftfartsindustrien og \u00f8ger fokus p\u00e5 serieproduktion inden for industriel 3D print<\/strong><\/p>\n\n<p>Prototal forts\u00e6tter sin v\u00e6kststrategi ved at udvide sit globale salgsteam. Med \u00f8gede investeringer i forretningsudvikling tager virksomheden det n\u00e6ste skridt p\u00e5 sin v\u00e6kstrejse \u2013 med et s\u00e6rligt fokus p\u00e5 serieproduktion inden for additiv fremstilling. <\/p>\n\n<p>Udover de eksisterende lokale salgsteams i hvert land, hvor Prototal opererer, bliver organisationen nu suppleret med en global struktur, der arbejder p\u00e5 tv\u00e6rs af gr\u00e6nser og fokuserer p\u00e5 specifikke segmenter \u2013 i f\u00f8rste omgang med fokus p\u00e5 forsvars- og luftfartsindustrien.<\/p>\n\n<p>Som en del af dette initiativ har vi forn\u00f8jelsen af at byde velkommen til to nye n\u00f8glemedlemmer i vores team:<\/p>\n\n<p><a href=\"https:\/\/www.linkedin.com\/in\/karin-holst\/\"><strong>Karin Holst<\/strong><\/a> tiltr\u00e6der rollen som <strong>Global Sales Director \u2013 Aerospace &amp; Defence<\/strong>. Med omfattende erfaring fra virksomheder som EOS og et st\u00e6rkt netv\u00e6rk inden for additiv fremstilling vil Karin lede vores strategiske udvikling i forsvars- og luftfartssektoren p\u00e5 globalt plan. <\/p>\n\n<p><strong><a href=\"https:\/\/www.linkedin.com\/in\/jimmymuller\/\">Jimmy M\u00fcller<\/a><\/strong> tiltr\u00e6der som <strong>Senior Business Developer<\/strong> med ansvar for at identificere og drive nye forretningsmuligheder inden for serieproduktion i samarbejde med vores kunder. Jimmy er et velkendt ansigt i 3D-printverdenen fra sine tidligere roller hos Canon og PLM og medbringer en st\u00e6rk baggrund i at udvikle succesfulde kunderelationer og forretningsmodeller. <\/p>\n\n<blockquote class=\"wp-block-quote is-layout-flow wp-block-quote-is-layout-flow\">\n<p><strong>We are delighted to welcome Karin and Jimmy to Prototal. Their experience and dedication strengthen our offering and our ability to meet the growing demands for serial production in additive manufacturing \u2013 especially in an industry where quality, traceability, and innovation are crucial, sider Ronnie Petersson, Chief Commercial Officer, Prototal Group. <\/strong><\/p>\n<\/blockquote>\n\n<p><strong>Kontaktinformation:<\/strong><\/p>\n\n<p><strong>Jimmy M\u00fcller<\/strong><br\/>Senior Business Developer<br\/><a>jimmy.muller@prototalgroup.com<\/a><\/p>\n\n<p><strong>Karin Holst<\/strong><br\/>Global Sales Director \u2013 Aerospace &amp; Defence<br\/><a>karin.holst@prototalgroup.com<\/a><\/p>\n\n<p><\/p>\n","protected":false},"excerpt":{"rendered":"<p>Prototal Industries udvider sit kommercielle team \u2013 styrker tilstedev\u00e6relsen i forsvars- og luftfartsindustrien og \u00f8ger fokus p\u00e5 serieproduktion inden for industriel 3D print Prototal forts\u00e6tter sin v\u00e6kststrategi ved at udvide sit globale salgsteam. Med \u00f8gede investeringer i forretningsudvikling tager virksomheden det n\u00e6ste skridt p\u00e5 sin v\u00e6kstrejse \u2013 med et s\u00e6rligt fokus p\u00e5 serieproduktion inden for [&hellip;]<\/p>\n","protected":false},"author":5,"featured_media":10678,"comment_status":"closed","ping_status":"open","sticky":false,"template":"","format":"standard","meta":{"_acf_changed":false,"inline_featured_image":false,"footnotes":""},"categories":[190],"tags":[],"class_list":["post-10677","post","type-post","status-publish","format-standard","has-post-thumbnail","hentry","category-kommerciel"],"acf":[],"yoast_head":"<!-- This site is optimized with the Yoast SEO plugin v27.2 - https:\/\/yoast.com\/product\/yoast-seo-wordpress\/ -->\n<title>Prototal styrker den kommercielle kerne med strategiske ans\u00e6ttelser | Prototal<\/title>\n<meta name=\"robots\" content=\"index, follow, max-snippet:-1, max-image-preview:large, max-video-preview:-1\" \/>\n<link rel=\"canonical\" href=\"https:\/\/prototal.info\/dk\/2025\/06\/02\/prototal-styrker-den-kommercielle-kerne-med-strategiske-ansaettelser\/\" \/>\n<meta property=\"og:locale\" content=\"da_DK\" \/>\n<meta property=\"og:type\" content=\"article\" \/>\n<meta property=\"og:title\" content=\"Prototal styrker den kommercielle kerne med strategiske ans\u00e6ttelser | Prototal\" \/>\n<meta property=\"og:description\" content=\"Prototal Industries udvider sit kommercielle team \u2013 styrker tilstedev\u00e6relsen i forsvars- og luftfartsindustrien og \u00f8ger fokus p\u00e5 serieproduktion inden for industriel 3D print Prototal forts\u00e6tter sin v\u00e6kststrategi ved at udvide sit globale salgsteam. Med \u00f8gede investeringer i forretningsudvikling tager virksomheden det n\u00e6ste skridt p\u00e5 sin v\u00e6kstrejse \u2013 med et s\u00e6rligt fokus p\u00e5 serieproduktion inden for [&hellip;]\" \/>\n<meta property=\"og:url\" content=\"https:\/\/prototal.info\/dk\/2025\/06\/02\/prototal-styrker-den-kommercielle-kerne-med-strategiske-ansaettelser\/\" \/>\n<meta property=\"og:site_name\" content=\"Prototal\" \/>\n<meta property=\"article:published_time\" content=\"2025-06-02T08:00:00+00:00\" \/>\n<meta property=\"article:modified_time\" content=\"2026-03-18T13:59:33+00:00\" \/>\n<meta name=\"author\" content=\"Phillip Kamp\" \/>\n<meta name=\"twitter:card\" content=\"summary_large_image\" \/>\n<meta name=\"twitter:label1\" content=\"Written by\" \/>\n\t<meta name=\"twitter:data1\" content=\"Phillip Kamp\" \/>\n\t<meta name=\"twitter:label2\" content=\"Est. reading time\" \/>\n\t<meta name=\"twitter:data2\" content=\"1 minute\" \/>\n<script type=\"application\/ld+json\" class=\"yoast-schema-graph\">{\n\t    \"@context\": \"https:\/\/schema.org\",\n\t    \"@graph\": [\n\t        {\n\t            \"@type\": \"Article\",\n\t            \"@id\": \"https:\/\/prototal.info\/dk\/2025\/06\/02\/prototal-styrker-den-kommercielle-kerne-med-strategiske-ansaettelser\/#article\",\n\t            \"isPartOf\": {\n\t                \"@id\": \"https:\/\/prototal.info\/dk\/2025\/06\/02\/prototal-styrker-den-kommercielle-kerne-med-strategiske-ansaettelser\/\"\n\t            },\n\t            \"author\": {\n\t                \"name\": \"Phillip Kamp\",\n\t                \"@id\": \"https:\/\/prototal.info\/dk\/#\/schema\/person\/8905af261041a8b6c271ff02618d2a42\"\n\t            },\n\t            \"headline\": \"Prototal styrker den kommercielle kerne med strategiske ans\u00e6ttelser\",\n\t            \"datePublished\": \"2025-06-02T08:00:00+00:00\",\n\t            \"dateModified\": \"2026-03-18T13:59:33+00:00\",\n\t            \"mainEntityOfPage\": {\n\t                \"@id\": \"https:\/\/prototal.info\/dk\/2025\/06\/02\/prototal-styrker-den-kommercielle-kerne-med-strategiske-ansaettelser\/\"\n\t            },\n\t            \"wordCount\": 303,\n\t            \"publisher\": {\n\t                \"@id\": \"https:\/\/prototal.info\/dk\/#organization\"\n\t            },\n\t            \"image\": {\n\t                \"@id\": \"https:\/\/prototal.info\/dk\/2025\/06\/02\/prototal-styrker-den-kommercielle-kerne-med-strategiske-ansaettelser\/#primaryimage\"\n\t            },\n\t            \"thumbnailUrl\": \"https:\/\/prototal.info\/app\/uploads\/2026\/02\/karin-jimmy-news.avif\",\n\t            \"articleSection\": [\n\t                \"Kommerciel\"\n\t            ],\n\t            \"inLanguage\": \"da-DK\"\n\t        },\n\t        {\n\t            \"@type\": \"WebPage\",\n\t            \"@id\": \"https:\/\/prototal.info\/dk\/2025\/06\/02\/prototal-styrker-den-kommercielle-kerne-med-strategiske-ansaettelser\/\",\n\t            \"url\": \"https:\/\/prototal.info\/dk\/2025\/06\/02\/prototal-styrker-den-kommercielle-kerne-med-strategiske-ansaettelser\/\",\n\t            \"name\": \"Prototal styrker den kommercielle kerne med strategiske ans\u00e6ttelser | Prototal\",\n\t            \"isPartOf\": {\n\t                \"@id\": \"https:\/\/prototal.info\/dk\/#website\"\n\t            },\n\t            \"primaryImageOfPage\": {\n\t                \"@id\": \"https:\/\/prototal.info\/dk\/2025\/06\/02\/prototal-styrker-den-kommercielle-kerne-med-strategiske-ansaettelser\/#primaryimage\"\n\t            },\n\t            \"image\": {\n\t                \"@id\": \"https:\/\/prototal.info\/dk\/2025\/06\/02\/prototal-styrker-den-kommercielle-kerne-med-strategiske-ansaettelser\/#primaryimage\"\n\t            },\n\t            \"thumbnailUrl\": \"https:\/\/prototal.info\/app\/uploads\/2026\/02\/karin-jimmy-news.avif\",\n\t            \"datePublished\": \"2025-06-02T08:00:00+00:00\",\n\t            \"dateModified\": \"2026-03-18T13:59:33+00:00\",\n\t            \"breadcrumb\": {\n\t                \"@id\": \"https:\/\/prototal.info\/dk\/2025\/06\/02\/prototal-styrker-den-kommercielle-kerne-med-strategiske-ansaettelser\/#breadcrumb\"\n\t            },\n\t            \"inLanguage\": \"da-DK\",\n\t            \"potentialAction\": [\n\t                {\n\t                    \"@type\": \"ReadAction\",\n\t                    \"target\": [\n\t                        \"https:\/\/prototal.info\/dk\/2025\/06\/02\/prototal-styrker-den-kommercielle-kerne-med-strategiske-ansaettelser\/\"\n\t                    ]\n\t                }\n\t            ]\n\t        },\n\t        {\n\t            \"@type\": \"ImageObject\",\n\t            \"inLanguage\": \"da-DK\",\n\t            \"@id\": \"https:\/\/prototal.info\/dk\/2025\/06\/02\/prototal-styrker-den-kommercielle-kerne-med-strategiske-ansaettelser\/#primaryimage\",\n\t            \"url\": \"https:\/\/prototal.info\/app\/uploads\/2026\/02\/karin-jimmy-news.avif\",\n\t            \"contentUrl\": \"https:\/\/prototal.info\/app\/uploads\/2026\/02\/karin-jimmy-news.avif\",\n\t            \"width\": 1600,\n\t            \"height\": 1200\n\t        },\n\t        {\n\t            \"@type\": \"BreadcrumbList\",\n\t            \"@id\": \"https:\/\/prototal.info\/dk\/2025\/06\/02\/prototal-styrker-den-kommercielle-kerne-med-strategiske-ansaettelser\/#breadcrumb\",\n\t            \"itemListElement\": [\n\t                {\n\t                    \"@type\": \"ListItem\",\n\t                    \"position\": 1,\n\t                    \"name\": \"Home\",\n\t                    \"item\": \"https:\/\/prototal.info\/dk\/\"\n\t                },\n\t                {\n\t                    \"@type\": \"ListItem\",\n\t                    \"position\": 2,\n\t                    \"name\": \"Prototal styrker den kommercielle kerne med strategiske ans\u00e6ttelser\"\n\t                }\n\t            ]\n\t        },\n\t        {\n\t            \"@type\": \"WebSite\",\n\t            \"@id\": \"https:\/\/prototal.info\/dk\/#website\",\n\t            \"url\": \"https:\/\/prototal.info\/dk\/\",\n\t            \"name\": \"Prototal\",\n\t            \"description\": \"From one to one million\",\n\t            \"publisher\": {\n\t                \"@id\": \"https:\/\/prototal.info\/dk\/#organization\"\n\t            },\n\t            \"potentialAction\": [\n\t                {\n\t                    \"@type\": \"SearchAction\",\n\t                    \"target\": {\n\t                        \"@type\": \"EntryPoint\",\n\t                        \"urlTemplate\": \"https:\/\/prototal.info\/dk\/?s={search_term_string}\"\n\t                    },\n\t                    \"query-input\": {\n\t                        \"@type\": \"PropertyValueSpecification\",\n\t                        \"valueRequired\": true,\n\t                        \"valueName\": \"search_term_string\"\n\t                    }\n\t                }\n\t            ],\n\t            \"inLanguage\": \"da-DK\"\n\t        },\n\t        {\n\t            \"@type\": \"Organization\",\n\t            \"@id\": \"https:\/\/prototal.info\/dk\/#organization\",\n\t            \"name\": \"Prototal\",\n\t            \"url\": \"https:\/\/prototal.info\/dk\/\",\n\t            \"logo\": {\n\t                \"@type\": \"ImageObject\",\n\t                \"inLanguage\": \"da-DK\",\n\t                \"@id\": \"https:\/\/prototal.info\/dk\/#\/schema\/logo\/image\/\",\n\t                \"url\": \"https:\/\/prototal.info\/app\/uploads\/2026\/03\/yoast-seo-default-logo.avif\",\n\t                \"contentUrl\": \"https:\/\/prototal.info\/app\/uploads\/2026\/03\/yoast-seo-default-logo.avif\",\n\t                \"width\": 696,\n\t                \"height\": 696,\n\t                \"caption\": \"Prototal\"\n\t            },\n\t            \"image\": {\n\t                \"@id\": \"https:\/\/prototal.info\/dk\/#\/schema\/logo\/image\/\"\n\t            }\n\t        },\n\t        {\n\t            \"@type\": \"Person\",\n\t            \"@id\": \"https:\/\/prototal.info\/dk\/#\/schema\/person\/8905af261041a8b6c271ff02618d2a42\",\n\t            \"name\": \"Phillip Kamp\",\n\t            \"image\": {\n\t                \"@type\": \"ImageObject\",\n\t                \"inLanguage\": \"da-DK\",\n\t                \"@id\": \"https:\/\/secure.gravatar.com\/avatar\/360033c1356ca7020aaa3080b437c690426978678b96d15fe35a40b3dd566bfc?s=96&d=mm&r=g\",\n\t                \"url\": \"https:\/\/secure.gravatar.com\/avatar\/360033c1356ca7020aaa3080b437c690426978678b96d15fe35a40b3dd566bfc?s=96&d=mm&r=g\",\n\t                \"contentUrl\": \"https:\/\/secure.gravatar.com\/avatar\/360033c1356ca7020aaa3080b437c690426978678b96d15fe35a40b3dd566bfc?s=96&d=mm&r=g\",\n\t                \"caption\": \"Phillip Kamp\"\n\t            }\n\t        }\n\t    ]\n\t}<\/script>\n<!-- \/ Yoast SEO plugin. -->","yoast_head_json":{"title":"Prototal styrker den kommercielle kerne med strategiske ans\u00e6ttelser | Prototal","robots":{"index":"index","follow":"follow","max-snippet":"max-snippet:-1","max-image-preview":"max-image-preview:large","max-video-preview":"max-video-preview:-1"},"canonical":"https:\/\/prototal.info\/dk\/2025\/06\/02\/prototal-styrker-den-kommercielle-kerne-med-strategiske-ansaettelser\/","og_locale":"da_DK","og_type":"article","og_title":"Prototal styrker den kommercielle kerne med strategiske ans\u00e6ttelser | Prototal","og_description":"Prototal Industries udvider sit kommercielle team \u2013 styrker tilstedev\u00e6relsen i forsvars- og luftfartsindustrien og \u00f8ger fokus p\u00e5 serieproduktion inden for industriel 3D print Prototal forts\u00e6tter sin v\u00e6kststrategi ved at udvide sit globale salgsteam. Med \u00f8gede investeringer i forretningsudvikling tager virksomheden det n\u00e6ste skridt p\u00e5 sin v\u00e6kstrejse \u2013 med et s\u00e6rligt fokus p\u00e5 serieproduktion inden for [&hellip;]","og_url":"https:\/\/prototal.info\/dk\/2025\/06\/02\/prototal-styrker-den-kommercielle-kerne-med-strategiske-ansaettelser\/","og_site_name":"Prototal","article_published_time":"2025-06-02T08:00:00+00:00","article_modified_time":"2026-03-18T13:59:33+00:00","author":"Phillip Kamp","twitter_card":"summary_large_image","twitter_misc":{"Written by":"Phillip Kamp","Est. reading time":"1 minute"},"schema":{"@context":"https:\/\/schema.org","@graph":[{"@type":"Article","@id":"https:\/\/prototal.info\/dk\/2025\/06\/02\/prototal-styrker-den-kommercielle-kerne-med-strategiske-ansaettelser\/#article","isPartOf":{"@id":"https:\/\/prototal.info\/dk\/2025\/06\/02\/prototal-styrker-den-kommercielle-kerne-med-strategiske-ansaettelser\/"},"author":{"name":"Phillip Kamp","@id":"https:\/\/prototal.info\/dk\/#\/schema\/person\/8905af261041a8b6c271ff02618d2a42"},"headline":"Prototal styrker den kommercielle kerne med strategiske ans\u00e6ttelser","datePublished":"2025-06-02T08:00:00+00:00","dateModified":"2026-03-18T13:59:33+00:00","mainEntityOfPage":{"@id":"https:\/\/prototal.info\/dk\/2025\/06\/02\/prototal-styrker-den-kommercielle-kerne-med-strategiske-ansaettelser\/"},"wordCount":303,"publisher":{"@id":"https:\/\/prototal.info\/dk\/#organization"},"image":{"@id":"https:\/\/prototal.info\/dk\/2025\/06\/02\/prototal-styrker-den-kommercielle-kerne-med-strategiske-ansaettelser\/#primaryimage"},"thumbnailUrl":"https:\/\/prototal.info\/app\/uploads\/2026\/02\/karin-jimmy-news.avif","articleSection":["Kommerciel"],"inLanguage":"da-DK"},{"@type":"WebPage","@id":"https:\/\/prototal.info\/dk\/2025\/06\/02\/prototal-styrker-den-kommercielle-kerne-med-strategiske-ansaettelser\/","url":"https:\/\/prototal.info\/dk\/2025\/06\/02\/prototal-styrker-den-kommercielle-kerne-med-strategiske-ansaettelser\/","name":"Prototal styrker den kommercielle kerne med strategiske ans\u00e6ttelser | Prototal","isPartOf":{"@id":"https:\/\/prototal.info\/dk\/#website"},"primaryImageOfPage":{"@id":"https:\/\/prototal.info\/dk\/2025\/06\/02\/prototal-styrker-den-kommercielle-kerne-med-strategiske-ansaettelser\/#primaryimage"},"image":{"@id":"https:\/\/prototal.info\/dk\/2025\/06\/02\/prototal-styrker-den-kommercielle-kerne-med-strategiske-ansaettelser\/#primaryimage"},"thumbnailUrl":"https:\/\/prototal.info\/app\/uploads\/2026\/02\/karin-jimmy-news.avif","datePublished":"2025-06-02T08:00:00+00:00","dateModified":"2026-03-18T13:59:33+00:00","breadcrumb":{"@id":"https:\/\/prototal.info\/dk\/2025\/06\/02\/prototal-styrker-den-kommercielle-kerne-med-strategiske-ansaettelser\/#breadcrumb"},"inLanguage":"da-DK","potentialAction":[{"@type":"ReadAction","target":["https:\/\/prototal.info\/dk\/2025\/06\/02\/prototal-styrker-den-kommercielle-kerne-med-strategiske-ansaettelser\/"]}]},{"@type":"ImageObject","inLanguage":"da-DK","@id":"https:\/\/prototal.info\/dk\/2025\/06\/02\/prototal-styrker-den-kommercielle-kerne-med-strategiske-ansaettelser\/#primaryimage","url":"https:\/\/prototal.info\/app\/uploads\/2026\/02\/karin-jimmy-news.avif","contentUrl":"https:\/\/prototal.info\/app\/uploads\/2026\/02\/karin-jimmy-news.avif","width":1600,"height":1200},{"@type":"BreadcrumbList","@id":"https:\/\/prototal.info\/dk\/2025\/06\/02\/prototal-styrker-den-kommercielle-kerne-med-strategiske-ansaettelser\/#breadcrumb","itemListElement":[{"@type":"ListItem","position":1,"name":"Home","item":"https:\/\/prototal.info\/dk\/"},{"@type":"ListItem","position":2,"name":"Prototal styrker den kommercielle kerne med strategiske ans\u00e6ttelser"}]},{"@type":"WebSite","@id":"https:\/\/prototal.info\/dk\/#website","url":"https:\/\/prototal.info\/dk\/","name":"Prototal","description":"From one to one million","publisher":{"@id":"https:\/\/prototal.info\/dk\/#organization"},"potentialAction":[{"@type":"SearchAction","target":{"@type":"EntryPoint","urlTemplate":"https:\/\/prototal.info\/dk\/?s={search_term_string}"},"query-input":{"@type":"PropertyValueSpecification","valueRequired":true,"valueName":"search_term_string"}}],"inLanguage":"da-DK"},{"@type":"Organization","@id":"https:\/\/prototal.info\/dk\/#organization","name":"Prototal","url":"https:\/\/prototal.info\/dk\/","logo":{"@type":"ImageObject","inLanguage":"da-DK","@id":"https:\/\/prototal.info\/dk\/#\/schema\/logo\/image\/","url":"https:\/\/prototal.info\/app\/uploads\/2026\/03\/yoast-seo-default-logo.avif","contentUrl":"https:\/\/prototal.info\/app\/uploads\/2026\/03\/yoast-seo-default-logo.avif","width":696,"height":696,"caption":"Prototal"},"image":{"@id":"https:\/\/prototal.info\/dk\/#\/schema\/logo\/image\/"}},{"@type":"Person","@id":"https:\/\/prototal.info\/dk\/#\/schema\/person\/8905af261041a8b6c271ff02618d2a42","name":"Phillip Kamp","image":{"@type":"ImageObject","inLanguage":"da-DK","@id":"https:\/\/secure.gravatar.com\/avatar\/360033c1356ca7020aaa3080b437c690426978678b96d15fe35a40b3dd566bfc?s=96&d=mm&r=g","url":"https:\/\/secure.gravatar.com\/avatar\/360033c1356ca7020aaa3080b437c690426978678b96d15fe35a40b3dd566bfc?s=96&d=mm&r=g","contentUrl":"https:\/\/secure.gravatar.com\/avatar\/360033c1356ca7020aaa3080b437c690426978678b96d15fe35a40b3dd566bfc?s=96&d=mm&r=g","caption":"Phillip Kamp"}}]}},"_links":{"self":[{"href":"https:\/\/prototal.info\/dk\/wp-json\/wp\/v2\/posts\/10677","targetHints":{"allow":["GET"]}}],"collection":[{"href":"https:\/\/prototal.info\/dk\/wp-json\/wp\/v2\/posts"}],"about":[{"href":"https:\/\/prototal.info\/dk\/wp-json\/wp\/v2\/types\/post"}],"author":[{"embeddable":true,"href":"https:\/\/prototal.info\/dk\/wp-json\/wp\/v2\/users\/5"}],"replies":[{"embeddable":true,"href":"https:\/\/prototal.info\/dk\/wp-json\/wp\/v2\/comments?post=10677"}],"version-history":[{"count":1,"href":"https:\/\/prototal.info\/dk\/wp-json\/wp\/v2\/posts\/10677\/revisions"}],"predecessor-version":[{"id":10679,"href":"https:\/\/prototal.info\/dk\/wp-json\/wp\/v2\/posts\/10677\/revisions\/10679"}],"wp:featuredmedia":[{"embeddable":true,"href":"https:\/\/prototal.info\/dk\/wp-json\/wp\/v2\/media\/10678"}],"wp:attachment":[{"href":"https:\/\/prototal.info\/dk\/wp-json\/wp\/v2\/media?parent=10677"}],"wp:term":[{"taxonomy":"category","embeddable":true,"href":"https:\/\/prototal.info\/dk\/wp-json\/wp\/v2\/categories?post=10677"},{"taxonomy":"post_tag","embeddable":true,"href":"https:\/\/prototal.info\/dk\/wp-json\/wp\/v2\/tags?post=10677"}],"curies":[{"name":"wp","href":"https:\/\/api.w.org\/{rel}","templated":true}]}}